{"id":6268,"date":"2022-10-07T06:36:17","date_gmt":"2022-10-07T09:36:17","guid":{"rendered":"https:\/\/blogs.correiobraziliense.com.br\/lianasabo\/?p=6268"},"modified":"2022-10-07T09:07:39","modified_gmt":"2022-10-07T12:07:39","slug":"dica-de-presente-para-o-dia-das-criancas","status":"publish","type":"post","link":"https:\/\/blogs.correiobraziliense.com.br\/lianasabo\/dica-de-presente-para-o-dia-das-criancas\/","title":{"rendered":"Dicas de gastronomia para o Dia das Crian\u00e7as"},"content":{"rendered":"<p>Biscoito amanteigado com cacau (100%) e decorado com pastilhas de chocolate (200g por R$ 20) feito pela artes\u00e3 Marga Stroher, da grife Honig, \u00e9 uma das sugest\u00f5es para presentear as crian\u00e7as pela data dedicada a elas em 12 de outubro. Voc\u00ea encontra essa e muitas outras op\u00e7\u00f5es na Feira da Garrafeira, que se realiza todos os s\u00e1bados, no hor\u00e1rio das 10h \u00e0s 14h, na 215 Sul, Bloco A.<\/p>\n<p>J\u00e1 o P\u00e3o de Mel Cheio de Gra\u00e7a montou uma cesta bem apetitosa que nenhuma crian\u00e7a resiste. Tem um monte de quitutes com recheio tradicional em diversas embalagens, al\u00e9m de um cone recheado de p\u00e3o de mel de colher, um pirulito com confeitos, um pote de brigadeiro de colher, um pote de p\u00e3o de mel de colher e uma caixa com seis brigadeiros gourmet, por R$ 189. \u201c\u00c9 uma sugest\u00e3o, mas voc\u00ea pode montar seu pr\u00f3prio kit\u201d, ressalta a propriet\u00e1ria Clarissa Ludovico. Telefone: 99871-1902.<\/p>\n<figure id=\"attachment_6278\" aria-describedby=\"caption-attachment-6278\" style=\"width: 931px\" class=\"wp-caption aligncenter\"><a href=\"https:\/\/blogs.correiobraziliense.com.br\/lianasabo\/wp-content\/uploads\/sites\/25\/2022\/10\/Screenshot_20221006-231707_Gmail.jpg\"><img loading=\"lazy\" decoding=\"async\" class=\"wp-image-6278 size-full\" src=\"https:\/\/blogs.correiobraziliense.com.br\/lianasabo\/wp-content\/uploads\/sites\/25\/2022\/10\/Screenshot_20221006-231707_Gmail.jpg\" alt=\"\" width=\"931\" height=\"925\" srcset=\"https:\/\/blogs.correiobraziliense.com.br\/lianasabo\/wp-content\/uploads\/sites\/25\/2022\/10\/Screenshot_20221006-231707_Gmail.jpg 931w, https:\/\/blogs.correiobraziliense.com.br\/lianasabo\/wp-content\/uploads\/sites\/25\/2022\/10\/Screenshot_20221006-231707_Gmail-150x150.jpg 150w, https:\/\/blogs.correiobraziliense.com.br\/lianasabo\/wp-content\/uploads\/sites\/25\/2022\/10\/Screenshot_20221006-231707_Gmail-300x298.jpg 300w, https:\/\/blogs.correiobraziliense.com.br\/lianasabo\/wp-content\/uploads\/sites\/25\/2022\/10\/Screenshot_20221006-231707_Gmail-768x763.jpg 768w, https:\/\/blogs.correiobraziliense.com.br\/lianasabo\/wp-content\/uploads\/sites\/25\/2022\/10\/Screenshot_20221006-231707_Gmail-800x795.jpg 800w, https:\/\/blogs.correiobraziliense.com.br\/lianasabo\/wp-content\/uploads\/sites\/25\/2022\/10\/Screenshot_20221006-231707_Gmail-550x546.jpg 550w, https:\/\/blogs.correiobraziliense.com.br\/lianasabo\/wp-content\/uploads\/sites\/25\/2022\/10\/Screenshot_20221006-231707_Gmail-230x229.jpg 230w\" sizes=\"auto, (max-width: 931px) 100vw, 931px\" \/><\/a><figcaption id=\"caption-attachment-6278\" class=\"wp-caption-text\">Picol\u00e9 La Bamba. Cr\u00e9dito: Dom Francisco\/Divulga\u00e7\u00e3o<\/figcaption><\/figure>\n<p>No Dom Francisco Restaurante ser\u00e1 oferecido um picol\u00e9 da marca La Bamba para o pequeno que pedir um dos pratos do menu infantil. O card\u00e1pio tem peito de frango (R$ 37), fil\u00e9 mignon (R$ 51), linguicinha calabresa (R$ 37) e picanha (R$ 65). A cortesia vale para almo\u00e7o e jantar nas duas casas (402 Sul e Asbac).<\/p>\n","protected":false},"excerpt":{"rendered":"<p>Biscoito amanteigado com cacau (100%) e decorado com pastilhas de chocolate (200g por R$ 20) feito pela artes\u00e3 Marga Stroher, da grife Honig, \u00e9 uma das sugest\u00f5es para presentear as crian\u00e7as pela data dedicada a elas em 12 de outubro. Voc\u00ea encontra essa e muitas outras op\u00e7\u00f5es na Feira da Garrafeira, que se realiza todos os s\u00e1bados, no hor\u00e1rio das [&hellip;]<\/p>\n","protected":false},"author":54,"featured_media":6280,"comment_status":"open","ping_status":"open","sticky":false,"template":"","format":"standard","meta":{"footnotes":""},"categories":[140],"tags":[614,444],"class_list":["post-6268","post","type-post","status-publish","format-standard","has-post-thumbnail","hentry","category-confeitaria","tag-honig","tag-marga-stroher"],"_links":{"self":[{"href":"https:\/\/blogs.correiobraziliense.com.br\/lianasabo\/wp-json\/wp\/v2\/posts\/6268","targetHints":{"allow":["GET"]}}],"collection":[{"href":"https:\/\/blogs.correiobraziliense.com.br\/lianasabo\/wp-json\/wp\/v2\/posts"}],"about":[{"href":"https:\/\/blogs.correiobraziliense.com.br\/lianasabo\/wp-json\/wp\/v2\/types\/post"}],"author":[{"embeddable":true,"href":"https:\/\/blogs.correiobraziliense.com.br\/lianasabo\/wp-json\/wp\/v2\/users\/54"}],"replies":[{"embeddable":true,"href":"https:\/\/blogs.correiobraziliense.com.br\/lianasabo\/wp-json\/wp\/v2\/comments?post=6268"}],"version-history":[{"count":4,"href":"https:\/\/blogs.correiobraziliense.com.br\/lianasabo\/wp-json\/wp\/v2\/posts\/6268\/revisions"}],"predecessor-version":[{"id":6279,"href":"https:\/\/blogs.correiobraziliense.com.br\/lianasabo\/wp-json\/wp\/v2\/posts\/6268\/revisions\/6279"}],"wp:featuredmedia":[{"embeddable":true,"href":"https:\/\/blogs.correiobraziliense.com.br\/lianasabo\/wp-json\/wp\/v2\/media\/6280"}],"wp:attachment":[{"href":"https:\/\/blogs.correiobraziliense.com.br\/lianasabo\/wp-json\/wp\/v2\/media?parent=6268"}],"wp:term":[{"taxonomy":"category","embeddable":true,"href":"https:\/\/blogs.correiobraziliense.com.br\/lianasabo\/wp-json\/wp\/v2\/categories?post=6268"},{"taxonomy":"post_tag","embeddable":true,"href":"https:\/\/blogs.correiobraziliense.com.br\/lianasabo\/wp-json\/wp\/v2\/tags?post=6268"}],"curies":[{"name":"wp","href":"https:\/\/api.w.org\/{rel}","templated":true}]}}