{"id":6250,"date":"2022-10-05T19:18:32","date_gmt":"2022-10-05T22:18:32","guid":{"rendered":"https:\/\/blogs.correiobraziliense.com.br\/lianasabo\/?p=6250"},"modified":"2022-10-05T19:18:32","modified_gmt":"2022-10-05T22:18:32","slug":"ingredientes-do-cerrado-sao-o-destaque-de-menu-degustacao-do-aquavit","status":"publish","type":"post","link":"https:\/\/blogs.correiobraziliense.com.br\/lianasabo\/ingredientes-do-cerrado-sao-o-destaque-de-menu-degustacao-do-aquavit\/","title":{"rendered":"Ingredientes do cerrado s\u00e3o o destaque de menu degusta\u00e7\u00e3o do Aquavit"},"content":{"rendered":"<p>Aquavit Restaurante apresenta mais uma noite de degusta\u00e7\u00e3o com Bertil Tottenborg. Sob o t\u00edtulo &#8220;Contos do Cerrado&#8221;, o evento ser\u00e1 nos dias 7 e 8 outubro, a partir das 20h, para destacar as esp\u00e9cies do bioma que se destacam no per\u00edodo chuvoso. &#8220;Vamos festejar as chuvas e usar todas essas maravilhas com vinhos que est\u00e3o sendo harmonizados pelo sommelier Bertil Tottenborg&#8221;, afirma o chef Simoun Lau.<\/p>\n<p>O card\u00e1pio foi criado por ele se inspira em tr\u00eas frutos &#8211; cagaita, gabiroba e cajuzinho &#8211; e tamb\u00e9m em outros ingredientes plantados na horta da casa do chef, como ora pro nobis, ervilha e baunilha pompona.<\/p>\n<p>O menu come\u00e7a com torresmo e jabuticaba, pastelinhos da Serra de Canastra e folhados de gabiroba. O card\u00e1pio tem ainda creme de milho com pitu do cerrado, abacate, ovas de Tainha e urucum; tucunar\u00e9 grelhado servido com couve, tucupi, pimenta de cheiro e farofa de Goi\u00e1s Velho; salsicha de porco com ora pro nobis, cagaita, gergelim Kalunga e pimenta de macaco; e codorna recheada acompanhada de cajuzinho e inhame. Como sobremesa ser\u00e3o servidos sorvete de baunilha, mexerica cravo e pralin\u00e9 de castanha de pequi.<\/p>\n<p>O menu custa R$ 300 (sem vinho) e R$ 400 (com vinho). Reservas pelo WhatsApp: (61) 99994-9646.<\/p>\n","protected":false},"excerpt":{"rendered":"<p>Aquavit Restaurante apresenta mais uma noite de degusta\u00e7\u00e3o com Bertil Tottenborg. Sob o t\u00edtulo &#8220;Contos do Cerrado&#8221;, o evento ser\u00e1 nos dias 7 e 8 outubro, a partir das 20h, para destacar as esp\u00e9cies do bioma que se destacam no per\u00edodo chuvoso. &#8220;Vamos festejar as chuvas e usar todas essas maravilhas com vinhos que est\u00e3o sendo harmonizados pelo sommelier Bertil [&hellip;]<\/p>\n","protected":false},"author":54,"featured_media":6251,"comment_status":"open","ping_status":"open","sticky":false,"template":"","format":"standard","meta":{"footnotes":""},"categories":[326],"tags":[501,608,119],"class_list":["post-6250","post","type-post","status-publish","format-standard","has-post-thumbnail","hentry","category-restaurantes","tag-aquavit-restaurante","tag-bertil-tottenborg","tag-simon-lau"],"_links":{"self":[{"href":"https:\/\/blogs.correiobraziliense.com.br\/lianasabo\/wp-json\/wp\/v2\/posts\/6250","targetHints":{"allow":["GET"]}}],"collection":[{"href":"https:\/\/blogs.correiobraziliense.com.br\/lianasabo\/wp-json\/wp\/v2\/posts"}],"about":[{"href":"https:\/\/blogs.correiobraziliense.com.br\/lianasabo\/wp-json\/wp\/v2\/types\/post"}],"author":[{"embeddable":true,"href":"https:\/\/blogs.correiobraziliense.com.br\/lianasabo\/wp-json\/wp\/v2\/users\/54"}],"replies":[{"embeddable":true,"href":"https:\/\/blogs.correiobraziliense.com.br\/lianasabo\/wp-json\/wp\/v2\/comments?post=6250"}],"version-history":[{"count":1,"href":"https:\/\/blogs.correiobraziliense.com.br\/lianasabo\/wp-json\/wp\/v2\/posts\/6250\/revisions"}],"predecessor-version":[{"id":6252,"href":"https:\/\/blogs.correiobraziliense.com.br\/lianasabo\/wp-json\/wp\/v2\/posts\/6250\/revisions\/6252"}],"wp:featuredmedia":[{"embeddable":true,"href":"https:\/\/blogs.correiobraziliense.com.br\/lianasabo\/wp-json\/wp\/v2\/media\/6251"}],"wp:attachment":[{"href":"https:\/\/blogs.correiobraziliense.com.br\/lianasabo\/wp-json\/wp\/v2\/media?parent=6250"}],"wp:term":[{"taxonomy":"category","embeddable":true,"href":"https:\/\/blogs.correiobraziliense.com.br\/lianasabo\/wp-json\/wp\/v2\/categories?post=6250"},{"taxonomy":"post_tag","embeddable":true,"href":"https:\/\/blogs.correiobraziliense.com.br\/lianasabo\/wp-json\/wp\/v2\/tags?post=6250"}],"curies":[{"name":"wp","href":"https:\/\/api.w.org\/{rel}","templated":true}]}}