{"id":6245,"date":"2022-10-05T19:00:45","date_gmt":"2022-10-05T22:00:45","guid":{"rendered":"https:\/\/blogs.correiobraziliense.com.br\/lianasabo\/?p=6245"},"modified":"2022-10-05T19:00:45","modified_gmt":"2022-10-05T22:00:45","slug":"jantar-harmonizado-no-restaurante-vino-brasilia-na-asa-sul","status":"publish","type":"post","link":"https:\/\/blogs.correiobraziliense.com.br\/lianasabo\/jantar-harmonizado-no-restaurante-vino-brasilia-na-asa-sul\/","title":{"rendered":"Jantar harmonizado no restaurante Vino! Bras\u00edlia na Asa Sul"},"content":{"rendered":"<p>O restaurante Vino Bras\u00edlia promove, nesta quinta-feira (6\/10), jantar harmonizado em parceria com a RAR Vinhos. Fundada por Raul Anselmo Randon, a linha de vinhos RAR \u00e9 feita com uvas colhidas manualmente nos vinhedos nos Campos de Cima da Serra Ga\u00facha.<\/p>\n<p>O menu em tr\u00eas etapas tem tartare de salm\u00e3o harmonizado com vinho Avvento Ros\u00e9, como entrada. O prato principal \u00e9 espagete carbonara finalizado com Bottarga. J\u00e1 a sobremesa \u00e9 um brie ao forno com mel, morango e am\u00eandoas. Antes dos pratos serem servidos, os clientes ser\u00e3o recebidos com o Espumante Avvento Brut.<\/p>\n<div id='gallery-1' class='gallery galleryid-6245 gallery-columns-3 gallery-size-large'><figure class='gallery-item'>\n\t\t\t<div class='gallery-icon landscape'>\n\t\t\t\t<a href='https:\/\/blogs.correiobraziliense.com.br\/lianasabo\/jantar-harmonizado-no-restaurante-vino-brasilia-na-asa-sul\/whatsapp-image-2022-10-04-at-18-30-27\/'><img loading=\"lazy\" decoding=\"async\" width=\"800\" height=\"534\" src=\"https:\/\/blogs.correiobraziliense.com.br\/lianasabo\/wp-content\/uploads\/sites\/25\/2022\/10\/WhatsApp-Image-2022-10-04-at-18.30.27.jpeg\" class=\"attachment-large size-large\" alt=\"\" aria-describedby=\"gallery-1-6248\" srcset=\"https:\/\/blogs.correiobraziliense.com.br\/lianasabo\/wp-content\/uploads\/sites\/25\/2022\/10\/WhatsApp-Image-2022-10-04-at-18.30.27.jpeg 800w, https:\/\/blogs.correiobraziliense.com.br\/lianasabo\/wp-content\/uploads\/sites\/25\/2022\/10\/WhatsApp-Image-2022-10-04-at-18.30.27-300x200.jpeg 300w, https:\/\/blogs.correiobraziliense.com.br\/lianasabo\/wp-content\/uploads\/sites\/25\/2022\/10\/WhatsApp-Image-2022-10-04-at-18.30.27-768x513.jpeg 768w, https:\/\/blogs.correiobraziliense.com.br\/lianasabo\/wp-content\/uploads\/sites\/25\/2022\/10\/WhatsApp-Image-2022-10-04-at-18.30.27-550x367.jpeg 550w, https:\/\/blogs.correiobraziliense.com.br\/lianasabo\/wp-content\/uploads\/sites\/25\/2022\/10\/WhatsApp-Image-2022-10-04-at-18.30.27-230x154.jpeg 230w\" sizes=\"auto, (max-width: 800px) 100vw, 800px\" \/><\/a>\n\t\t\t<\/div>\n\t\t\t\t<figcaption class='wp-caption-text gallery-caption' id='gallery-1-6248'>\n\t\t\t\tCr\u00e9dito: Vino! Bras\u00edlia\/Divulga\u00e7\u00e3o. Prato principal\n\t\t\t\t<\/figcaption><\/figure><figure class='gallery-item'>\n\t\t\t<div class='gallery-icon portrait'>\n\t\t\t\t<a href='https:\/\/blogs.correiobraziliense.com.br\/lianasabo\/jantar-harmonizado-no-restaurante-vino-brasilia-na-asa-sul\/whatsapp-image-2022-10-04-at-18-30-27-1\/'><img loading=\"lazy\" decoding=\"async\" width=\"683\" height=\"1024\" src=\"https:\/\/blogs.correiobraziliense.com.br\/lianasabo\/wp-content\/uploads\/sites\/25\/2022\/10\/WhatsApp-Image-2022-10-04-at-18.30.27-1-683x1024.jpeg\" class=\"attachment-large size-large\" alt=\"\" aria-describedby=\"gallery-1-6246\" srcset=\"https:\/\/blogs.correiobraziliense.com.br\/lianasabo\/wp-content\/uploads\/sites\/25\/2022\/10\/WhatsApp-Image-2022-10-04-at-18.30.27-1.jpeg 683w, https:\/\/blogs.correiobraziliense.com.br\/lianasabo\/wp-content\/uploads\/sites\/25\/2022\/10\/WhatsApp-Image-2022-10-04-at-18.30.27-1-200x300.jpeg 200w, https:\/\/blogs.correiobraziliense.com.br\/lianasabo\/wp-content\/uploads\/sites\/25\/2022\/10\/WhatsApp-Image-2022-10-04-at-18.30.27-1-768x1151.jpeg 768w, https:\/\/blogs.correiobraziliense.com.br\/lianasabo\/wp-content\/uploads\/sites\/25\/2022\/10\/WhatsApp-Image-2022-10-04-at-18.30.27-1-800x1199.jpeg 800w, https:\/\/blogs.correiobraziliense.com.br\/lianasabo\/wp-content\/uploads\/sites\/25\/2022\/10\/WhatsApp-Image-2022-10-04-at-18.30.27-1-550x824.jpeg 550w, https:\/\/blogs.correiobraziliense.com.br\/lianasabo\/wp-content\/uploads\/sites\/25\/2022\/10\/WhatsApp-Image-2022-10-04-at-18.30.27-1-230x345.jpeg 230w\" sizes=\"auto, (max-width: 683px) 100vw, 683px\" \/><\/a>\n\t\t\t<\/div>\n\t\t\t\t<figcaption class='wp-caption-text gallery-caption' id='gallery-1-6246'>\n\t\t\t\tCr\u00e9dito: Vino! Bras\u00edlia\/Divulga\u00e7\u00e3o. Sobremesa\n\t\t\t\t<\/figcaption><\/figure><figure class='gallery-item'>\n\t\t\t<div class='gallery-icon portrait'>\n\t\t\t\t<a href='https:\/\/blogs.correiobraziliense.com.br\/lianasabo\/jantar-harmonizado-no-restaurante-vino-brasilia-na-asa-sul\/whatsapp-image-2022-10-04-at-18-30-26-1\/'><img loading=\"lazy\" decoding=\"async\" width=\"683\" height=\"1024\" src=\"https:\/\/blogs.correiobraziliense.com.br\/lianasabo\/wp-content\/uploads\/sites\/25\/2022\/10\/WhatsApp-Image-2022-10-04-at-18.30.26-1-683x1024.jpeg\" class=\"attachment-large size-large\" alt=\"\" aria-describedby=\"gallery-1-6247\" srcset=\"https:\/\/blogs.correiobraziliense.com.br\/lianasabo\/wp-content\/uploads\/sites\/25\/2022\/10\/WhatsApp-Image-2022-10-04-at-18.30.26-1.jpeg 683w, https:\/\/blogs.correiobraziliense.com.br\/lianasabo\/wp-content\/uploads\/sites\/25\/2022\/10\/WhatsApp-Image-2022-10-04-at-18.30.26-1-200x300.jpeg 200w, https:\/\/blogs.correiobraziliense.com.br\/lianasabo\/wp-content\/uploads\/sites\/25\/2022\/10\/WhatsApp-Image-2022-10-04-at-18.30.26-1-768x1151.jpeg 768w, https:\/\/blogs.correiobraziliense.com.br\/lianasabo\/wp-content\/uploads\/sites\/25\/2022\/10\/WhatsApp-Image-2022-10-04-at-18.30.26-1-800x1199.jpeg 800w, https:\/\/blogs.correiobraziliense.com.br\/lianasabo\/wp-content\/uploads\/sites\/25\/2022\/10\/WhatsApp-Image-2022-10-04-at-18.30.26-1-550x824.jpeg 550w, https:\/\/blogs.correiobraziliense.com.br\/lianasabo\/wp-content\/uploads\/sites\/25\/2022\/10\/WhatsApp-Image-2022-10-04-at-18.30.26-1-230x345.jpeg 230w\" sizes=\"auto, (max-width: 683px) 100vw, 683px\" \/><\/a>\n\t\t\t<\/div>\n\t\t\t\t<figcaption class='wp-caption-text gallery-caption' id='gallery-1-6247'>\n\t\t\t\tCr\u00e9dito: Vino! Bras\u00edlia\/Divulga\u00e7\u00e3o. Entrada\n\t\t\t\t<\/figcaption><\/figure>\n\t\t<\/div>\n\n<p>O jantar completo custa R$ 149, por pessoa (servi\u00e7o inclu\u00eddo). Reservas pelo WhatsApp: (61) 99539-5830.<\/p>\n<p><strong>Vino! Bras\u00edlia<\/strong><br \/>\nCLS 413 Bloco D Loja 30 na Asa Sul. Funcionamento de ter\u00e7a \u00e0 sexta, a partir das 17h, e no s\u00e1bado, a partir de 12h.<\/p>\n","protected":false},"excerpt":{"rendered":"<p>O restaurante Vino Bras\u00edlia promove, nesta quinta-feira (6\/10), jantar harmonizado em parceria com a RAR Vinhos. Fundada por Raul Anselmo Randon, a linha de vinhos RAR \u00e9 feita com uvas colhidas manualmente nos vinhedos nos Campos de Cima da Serra Ga\u00facha. O menu em tr\u00eas etapas tem tartare de salm\u00e3o harmonizado com vinho Avvento Ros\u00e9, como entrada. O prato principal [&hellip;]<\/p>\n","protected":false},"author":54,"featured_media":6248,"comment_status":"open","ping_status":"open","sticky":false,"template":"","format":"standard","meta":{"footnotes":""},"categories":[326],"tags":[607,606],"class_list":["post-6245","post","type-post","status-publish","format-standard","has-post-thumbnail","hentry","category-restaurantes","tag-jantar-harmonizado","tag-vino-brasilia"],"_links":{"self":[{"href":"https:\/\/blogs.correiobraziliense.com.br\/lianasabo\/wp-json\/wp\/v2\/posts\/6245","targetHints":{"allow":["GET"]}}],"collection":[{"href":"https:\/\/blogs.correiobraziliense.com.br\/lianasabo\/wp-json\/wp\/v2\/posts"}],"about":[{"href":"https:\/\/blogs.correiobraziliense.com.br\/lianasabo\/wp-json\/wp\/v2\/types\/post"}],"author":[{"embeddable":true,"href":"https:\/\/blogs.correiobraziliense.com.br\/lianasabo\/wp-json\/wp\/v2\/users\/54"}],"replies":[{"embeddable":true,"href":"https:\/\/blogs.correiobraziliense.com.br\/lianasabo\/wp-json\/wp\/v2\/comments?post=6245"}],"version-history":[{"count":1,"href":"https:\/\/blogs.correiobraziliense.com.br\/lianasabo\/wp-json\/wp\/v2\/posts\/6245\/revisions"}],"predecessor-version":[{"id":6249,"href":"https:\/\/blogs.correiobraziliense.com.br\/lianasabo\/wp-json\/wp\/v2\/posts\/6245\/revisions\/6249"}],"wp:featuredmedia":[{"embeddable":true,"href":"https:\/\/blogs.correiobraziliense.com.br\/lianasabo\/wp-json\/wp\/v2\/media\/6248"}],"wp:attachment":[{"href":"https:\/\/blogs.correiobraziliense.com.br\/lianasabo\/wp-json\/wp\/v2\/media?parent=6245"}],"wp:term":[{"taxonomy":"category","embeddable":true,"href":"https:\/\/blogs.correiobraziliense.com.br\/lianasabo\/wp-json\/wp\/v2\/categories?post=6245"},{"taxonomy":"post_tag","embeddable":true,"href":"https:\/\/blogs.correiobraziliense.com.br\/lianasabo\/wp-json\/wp\/v2\/tags?post=6245"}],"curies":[{"name":"wp","href":"https:\/\/api.w.org\/{rel}","templated":true}]}}