{"id":6217,"date":"2022-09-23T09:18:18","date_gmt":"2022-09-23T12:18:18","guid":{"rendered":"https:\/\/blogs.correiobraziliense.com.br\/lianasabo\/?p=6217"},"modified":"2022-09-23T09:18:18","modified_gmt":"2022-09-23T12:18:18","slug":"madero-inaugura-no-df-primeiro-drive-thru-virtual-da-marca","status":"publish","type":"post","link":"https:\/\/blogs.correiobraziliense.com.br\/lianasabo\/madero-inaugura-no-df-primeiro-drive-thru-virtual-da-marca\/","title":{"rendered":"Madero inaugura no DF primeiro drive-thru virtual da marca"},"content":{"rendered":"<p>Com mais de 270 restaurantes multimarcas em todo o pa\u00eds e atendendo tr\u00eas milh\u00f5es de clientes por m\u00eas, o grupo Madero inaugurou na \u00faltima segunda-feira a 11\u00aa unidade no Distrito Federal. Trata-se do primeiro drive-thru virtual da marca instalado na Avenida Comercial, Trecho 1, em Taquari.<\/p>\n<p>O cliente poder\u00e1 fazer o pedido no aplicativo e retirar na janela do container qualquer item do menu, cujo carro-chefe \u00e9 o cheeseburger de p\u00e3o crocante, alface e tomate org\u00e2nicos, maionese artesanal, queijo, carne com baixo teor de gordura, acompanhado de batatas fritas por fora e macias por dentro (R$ 34,90, a unidade e R$ 47,90, o combo).<\/p>\n","protected":false},"excerpt":{"rendered":"<p>Com mais de 270 restaurantes multimarcas em todo o pa\u00eds e atendendo tr\u00eas milh\u00f5es de clientes por m\u00eas, o grupo Madero inaugurou na \u00faltima segunda-feira a 11\u00aa unidade no Distrito Federal. Trata-se do primeiro drive-thru virtual da marca instalado na Avenida Comercial, Trecho 1, em Taquari. O cliente poder\u00e1 fazer o pedido no aplicativo e retirar na janela do container [&hellip;]<\/p>\n","protected":false},"author":54,"featured_media":6218,"comment_status":"open","ping_status":"open","sticky":false,"template":"","format":"standard","meta":{"footnotes":""},"categories":[1],"tags":[],"class_list":["post-6217","post","type-post","status-publish","format-standard","has-post-thumbnail","hentry","category-sem-categoria"],"_links":{"self":[{"href":"https:\/\/blogs.correiobraziliense.com.br\/lianasabo\/wp-json\/wp\/v2\/posts\/6217","targetHints":{"allow":["GET"]}}],"collection":[{"href":"https:\/\/blogs.correiobraziliense.com.br\/lianasabo\/wp-json\/wp\/v2\/posts"}],"about":[{"href":"https:\/\/blogs.correiobraziliense.com.br\/lianasabo\/wp-json\/wp\/v2\/types\/post"}],"author":[{"embeddable":true,"href":"https:\/\/blogs.correiobraziliense.com.br\/lianasabo\/wp-json\/wp\/v2\/users\/54"}],"replies":[{"embeddable":true,"href":"https:\/\/blogs.correiobraziliense.com.br\/lianasabo\/wp-json\/wp\/v2\/comments?post=6217"}],"version-history":[{"count":1,"href":"https:\/\/blogs.correiobraziliense.com.br\/lianasabo\/wp-json\/wp\/v2\/posts\/6217\/revisions"}],"predecessor-version":[{"id":6219,"href":"https:\/\/blogs.correiobraziliense.com.br\/lianasabo\/wp-json\/wp\/v2\/posts\/6217\/revisions\/6219"}],"wp:featuredmedia":[{"embeddable":true,"href":"https:\/\/blogs.correiobraziliense.com.br\/lianasabo\/wp-json\/wp\/v2\/media\/6218"}],"wp:attachment":[{"href":"https:\/\/blogs.correiobraziliense.com.br\/lianasabo\/wp-json\/wp\/v2\/media?parent=6217"}],"wp:term":[{"taxonomy":"category","embeddable":true,"href":"https:\/\/blogs.correiobraziliense.com.br\/lianasabo\/wp-json\/wp\/v2\/categories?post=6217"},{"taxonomy":"post_tag","embeddable":true,"href":"https:\/\/blogs.correiobraziliense.com.br\/lianasabo\/wp-json\/wp\/v2\/tags?post=6217"}],"curies":[{"name":"wp","href":"https:\/\/api.w.org\/{rel}","templated":true}]}}