{"id":6214,"date":"2022-09-23T09:14:48","date_gmt":"2022-09-23T12:14:48","guid":{"rendered":"https:\/\/blogs.correiobraziliense.com.br\/lianasabo\/?p=6214"},"modified":"2022-09-23T09:14:48","modified_gmt":"2022-09-23T12:14:48","slug":"tea-shop-desembarca-em-shopping-de-aguas-claras","status":"publish","type":"post","link":"https:\/\/blogs.correiobraziliense.com.br\/lianasabo\/tea-shop-desembarca-em-shopping-de-aguas-claras\/","title":{"rendered":"Tea Shop desembarca em shopping de \u00c1guas Claras"},"content":{"rendered":"<p>Antes de completar uma d\u00e9cada no Brasil, desembarca no segundo piso do DF Plaza Shopping, em \u00c1guas Claras, a grife Tea Shop, fundada em Barcelona e trazida ao pa\u00eds, via Porto Alegre, em 2013. Assume formato de quiosque, onde s\u00e3o vendidas mais de 130 variedades de ch\u00e1s e infus\u00f5es exclusivas da marca, al\u00e9m de doces e salgados e outros produtos \u00e0 base de ch\u00e1.<\/p>\n","protected":false},"excerpt":{"rendered":"<p>Antes de completar uma d\u00e9cada no Brasil, desembarca no segundo piso do DF Plaza Shopping, em \u00c1guas Claras, a grife Tea Shop, fundada em Barcelona e trazida ao pa\u00eds, via Porto Alegre, em 2013. Assume formato de quiosque, onde s\u00e3o vendidas mais de 130 variedades de ch\u00e1s e infus\u00f5es exclusivas da marca, al\u00e9m de doces e salgados e outros produtos [&hellip;]<\/p>\n","protected":false},"author":54,"featured_media":6215,"comment_status":"open","ping_status":"open","sticky":false,"template":"","format":"standard","meta":{"footnotes":""},"categories":[475],"tags":[138,599,598],"class_list":["post-6214","post","type-post","status-publish","format-standard","has-post-thumbnail","hentry","category-bebida","tag-aguas-claras","tag-cha","tag-tea-shop"],"_links":{"self":[{"href":"https:\/\/blogs.correiobraziliense.com.br\/lianasabo\/wp-json\/wp\/v2\/posts\/6214","targetHints":{"allow":["GET"]}}],"collection":[{"href":"https:\/\/blogs.correiobraziliense.com.br\/lianasabo\/wp-json\/wp\/v2\/posts"}],"about":[{"href":"https:\/\/blogs.correiobraziliense.com.br\/lianasabo\/wp-json\/wp\/v2\/types\/post"}],"author":[{"embeddable":true,"href":"https:\/\/blogs.correiobraziliense.com.br\/lianasabo\/wp-json\/wp\/v2\/users\/54"}],"replies":[{"embeddable":true,"href":"https:\/\/blogs.correiobraziliense.com.br\/lianasabo\/wp-json\/wp\/v2\/comments?post=6214"}],"version-history":[{"count":1,"href":"https:\/\/blogs.correiobraziliense.com.br\/lianasabo\/wp-json\/wp\/v2\/posts\/6214\/revisions"}],"predecessor-version":[{"id":6216,"href":"https:\/\/blogs.correiobraziliense.com.br\/lianasabo\/wp-json\/wp\/v2\/posts\/6214\/revisions\/6216"}],"wp:featuredmedia":[{"embeddable":true,"href":"https:\/\/blogs.correiobraziliense.com.br\/lianasabo\/wp-json\/wp\/v2\/media\/6215"}],"wp:attachment":[{"href":"https:\/\/blogs.correiobraziliense.com.br\/lianasabo\/wp-json\/wp\/v2\/media?parent=6214"}],"wp:term":[{"taxonomy":"category","embeddable":true,"href":"https:\/\/blogs.correiobraziliense.com.br\/lianasabo\/wp-json\/wp\/v2\/categories?post=6214"},{"taxonomy":"post_tag","embeddable":true,"href":"https:\/\/blogs.correiobraziliense.com.br\/lianasabo\/wp-json\/wp\/v2\/tags?post=6214"}],"curies":[{"name":"wp","href":"https:\/\/api.w.org\/{rel}","templated":true}]}}