{"id":6210,"date":"2022-09-23T09:12:35","date_gmt":"2022-09-23T12:12:35","guid":{"rendered":"https:\/\/blogs.correiobraziliense.com.br\/lianasabo\/?p=6210"},"modified":"2022-09-23T09:12:35","modified_gmt":"2022-09-23T12:12:35","slug":"lucia-leao-comanda-webserie-de-memorias-gastronomicas","status":"publish","type":"post","link":"https:\/\/blogs.correiobraziliense.com.br\/lianasabo\/lucia-leao-comanda-webserie-de-memorias-gastronomicas\/","title":{"rendered":"Lucia Le\u00e3o comanda webs\u00e9rie de mem\u00f3rias gastron\u00f4micas"},"content":{"rendered":"<p>A jornalista e chef Lucia Le\u00e3o, que comanda o espa\u00e7o gastron\u00f4mico e cultural Le\u00e3o da Serra, instalado numa ch\u00e1cara no bairro Taquari, estreia ter\u00e7a-feira (27\/9), \u00e0s 19h no <a href=\"https:\/\/www.youtube.com\/channel\/UCcNAwjc-xHtqtIURETNziLw\">YouTube<\/a> uma webs\u00e9rie, que re\u00fane oito pratos t\u00edpicos das cinco regi\u00f5es brasileiras.<\/p>\n<p>No programa\u00a0<em>Mem\u00f3rias da Mesa<\/em>, Lucia recebe artistas das \u00e1reas de m\u00fasica e literatura, que abordam a culin\u00e1ria dos estados de origem, al\u00e9m de suas obras. A cada epis\u00f3dio ela est\u00e1 acompanhada do DJ e compositor Andr\u00e9 Ferreira, que facilita a comunica\u00e7\u00e3o com as pessoas com defici\u00eancia visual, revelando cheiros e sabores dos pratos. O projeto tamb\u00e9m contempla acessibilidade para a comunidade surda, por meio da legenda. A dire\u00e7\u00e3o \u00e9 de Vicente S\u00e1, com produ\u00e7\u00e3o da Trupe do Filme.<\/p>\n<p>O projeto conta com fomento do Edital FAC Bras\u00edlia Multicultural e tem apoio da Secretaria de Estado de Cultura e Economia Criativa &#8211; Subsecretaria de Fomento e Incentivo Cultural do GDF.<\/p>\n<p>A cada lan\u00e7amento dos epis\u00f3dios, L\u00facia Le\u00e3o estar\u00e1 ao vivo com os convidado para um bate-papo sobre a experi\u00eancia da grava\u00e7\u00e3o e intera\u00e7\u00e3o com os internautas, nas redes sociais do projeto (<a href=\"https:\/\/www.instagram.com\/gastronomiacandangalucia\/\">instagram,<\/a>\u00a0<a href=\"https:\/\/www.facebook.com\/search\/top?q=gastronomia%20candanga%20lucia\">facebook)<\/a><\/p>\n<p><strong>Programa\u00e7\u00e3o <em>Mem\u00f3rias da Mesa<\/em><\/strong><\/p>\n<figure id=\"attachment_6212\" aria-describedby=\"caption-attachment-6212\" style=\"width: 800px\" class=\"wp-caption aligncenter\"><a href=\"https:\/\/blogs.correiobraziliense.com.br\/lianasabo\/wp-content\/uploads\/sites\/25\/2022\/09\/Renato-com-acaraj\u00e9.jpg\"><img loading=\"lazy\" decoding=\"async\" class=\"size-full wp-image-6212\" src=\"https:\/\/blogs.correiobraziliense.com.br\/lianasabo\/wp-content\/uploads\/sites\/25\/2022\/09\/Renato-com-acaraj\u00e9.jpg\" alt=\"\" width=\"800\" height=\"450\" srcset=\"https:\/\/blogs.correiobraziliense.com.br\/lianasabo\/wp-content\/uploads\/sites\/25\/2022\/09\/Renato-com-acaraj\u00e9.jpg 800w, https:\/\/blogs.correiobraziliense.com.br\/lianasabo\/wp-content\/uploads\/sites\/25\/2022\/09\/Renato-com-acaraj\u00e9-300x169.jpg 300w, https:\/\/blogs.correiobraziliense.com.br\/lianasabo\/wp-content\/uploads\/sites\/25\/2022\/09\/Renato-com-acaraj\u00e9-768x432.jpg 768w, https:\/\/blogs.correiobraziliense.com.br\/lianasabo\/wp-content\/uploads\/sites\/25\/2022\/09\/Renato-com-acaraj\u00e9-550x309.jpg 550w, https:\/\/blogs.correiobraziliense.com.br\/lianasabo\/wp-content\/uploads\/sites\/25\/2022\/09\/Renato-com-acaraj\u00e9-230x129.jpg 230w\" sizes=\"auto, (max-width: 800px) 100vw, 800px\" \/><\/a><figcaption id=\"caption-attachment-6212\" class=\"wp-caption-text\">Renato Matos \u00e9 o primeiro convidado da webs\u00e9rie. Cr\u00e9dito: Mem\u00f3rias na mesa\/Divulga\u00e7\u00e3o<\/figcaption><\/figure>\n<p>27\/9 &#8211; Acaraj\u00e9 e Vatap\u00e1, com o m\u00fasico Renato Matos<br \/>\n4\/10 \u2013 Bai\u00e3o de dois com carne de sol acebolada, com a pesquisadora Ana Rita Suassuna<br \/>\n11\/10 \u2013 Frango com pequi, com a contadora de hist\u00f3rias \u00c2ngela Barcelos Caf\u00e9<br \/>\n18\/10 \u2013 Canjiquinha, com o m\u00fasico Roberto Correa<br \/>\n25\/10 \u2013 Arroz de Carreteiro, com a escritora Maria L\u00facia Verdi<br \/>\n1\/11 \u2013 Pato no Tucupi, com escritora Maria Maia<br \/>\n8\/11 \u2013 Picadinho Carioca, com o m\u00fasico S\u00e9rgio Duboc<br \/>\n15\/11 &#8211; Moqueca Capixaba, com teatr\u00f3logo Alexandre Ribondi<\/p>\n","protected":false},"excerpt":{"rendered":"<p>A jornalista e chef Lucia Le\u00e3o, que comanda o espa\u00e7o gastron\u00f4mico e cultural Le\u00e3o da Serra, instalado numa ch\u00e1cara no bairro Taquari, estreia ter\u00e7a-feira (27\/9), \u00e0s 19h no YouTube uma webs\u00e9rie, que re\u00fane oito pratos t\u00edpicos das cinco regi\u00f5es brasileiras. No programa\u00a0Mem\u00f3rias da Mesa, Lucia recebe artistas das \u00e1reas de m\u00fasica e literatura, que abordam a culin\u00e1ria dos estados de [&hellip;]<\/p>\n","protected":false},"author":54,"featured_media":6211,"comment_status":"open","ping_status":"open","sticky":false,"template":"","format":"standard","meta":{"footnotes":""},"categories":[192],"tags":[],"class_list":["post-6210","post","type-post","status-publish","format-standard","has-post-thumbnail","hentry","category-entrevista"],"_links":{"self":[{"href":"https:\/\/blogs.correiobraziliense.com.br\/lianasabo\/wp-json\/wp\/v2\/posts\/6210","targetHints":{"allow":["GET"]}}],"collection":[{"href":"https:\/\/blogs.correiobraziliense.com.br\/lianasabo\/wp-json\/wp\/v2\/posts"}],"about":[{"href":"https:\/\/blogs.correiobraziliense.com.br\/lianasabo\/wp-json\/wp\/v2\/types\/post"}],"author":[{"embeddable":true,"href":"https:\/\/blogs.correiobraziliense.com.br\/lianasabo\/wp-json\/wp\/v2\/users\/54"}],"replies":[{"embeddable":true,"href":"https:\/\/blogs.correiobraziliense.com.br\/lianasabo\/wp-json\/wp\/v2\/comments?post=6210"}],"version-history":[{"count":1,"href":"https:\/\/blogs.correiobraziliense.com.br\/lianasabo\/wp-json\/wp\/v2\/posts\/6210\/revisions"}],"predecessor-version":[{"id":6213,"href":"https:\/\/blogs.correiobraziliense.com.br\/lianasabo\/wp-json\/wp\/v2\/posts\/6210\/revisions\/6213"}],"wp:featuredmedia":[{"embeddable":true,"href":"https:\/\/blogs.correiobraziliense.com.br\/lianasabo\/wp-json\/wp\/v2\/media\/6211"}],"wp:attachment":[{"href":"https:\/\/blogs.correiobraziliense.com.br\/lianasabo\/wp-json\/wp\/v2\/media?parent=6210"}],"wp:term":[{"taxonomy":"category","embeddable":true,"href":"https:\/\/blogs.correiobraziliense.com.br\/lianasabo\/wp-json\/wp\/v2\/categories?post=6210"},{"taxonomy":"post_tag","embeddable":true,"href":"https:\/\/blogs.correiobraziliense.com.br\/lianasabo\/wp-json\/wp\/v2\/tags?post=6210"}],"curies":[{"name":"wp","href":"https:\/\/api.w.org\/{rel}","templated":true}]}}