{"id":6196,"date":"2022-09-21T20:53:07","date_gmt":"2022-09-21T23:53:07","guid":{"rendered":"https:\/\/blogs.correiobraziliense.com.br\/lianasabo\/?p=6196"},"modified":"2022-09-21T20:53:07","modified_gmt":"2022-09-21T23:53:07","slug":"tidelli-brasilia-faz-lancamento-da-colecao-2022-com-drinques-e-coquetel-especiais","status":"publish","type":"post","link":"https:\/\/blogs.correiobraziliense.com.br\/lianasabo\/tidelli-brasilia-faz-lancamento-da-colecao-2022-com-drinques-e-coquetel-especiais\/","title":{"rendered":"Tidelli Bras\u00edlia faz lan\u00e7amento da cole\u00e7\u00e3o 2022 com drinques e coquetel especiais"},"content":{"rendered":"<p>Roberta Mandelli, que est\u00e1 \u00e0 frente da Tidelli Bras\u00edlia, reserva algumas surpresas para o evento de lan\u00e7amento da nova cole\u00e7\u00e3o na quinta-feira (22\/9), quando ser\u00e1 apresentado um desfile que une moda e design, para outdoor living com as cria\u00e7\u00f5es dos designers Manuel Bandeira e Solana Marianelli, e do colaborador da Tidelli, F\u00e1bio Santos.<\/p>\n<p>Mas a surpresa ser\u00e1 por conta do desfile dos colares de parede de cria\u00e7\u00e3o da joalheira Karen Reiter, reconhecida pelas suas cria\u00e7\u00f5es de pe\u00e7as arquitet\u00f4nicas, que misturam arte e moda, exibindo os inusitados adornos confeccionados em cordas n\u00e1uticas, humanizados, em desfile arrojado da Muli\u00ea\/Jet\u00e9.<\/p>\n<p>O coquetel fica por conta do chef Almeida, que servir\u00e1 criativos fingers foods elaborados para elevarem os sabores dos ingredientes, escolhidos minuciosamente. Para acompanhar ser\u00e3o servidos drinques criados especialmente para o evento, que levar\u00e3o os nomes das cole\u00e7\u00f5es apresentadas na ocasi\u00e3o. Um charme.<\/p>\n<p>\u00c9 grande a concentra\u00e7\u00e3o de energia para construir um evento original, que reserva surpresas com rela\u00e7\u00e3o aos modelos que mostrar\u00e3o as esculturas. O evento est\u00e1 sendo criado e dirigido por Roberta, que tamb\u00e9m \u00e9 vice-presidente da marca, e receber\u00e1 convidados especiais do setor da decora\u00e7\u00e3o, design e arquitetura, clientes e amigos, junto com seus apoiadores Muli\u00ea\/Jet\u00e9 e Brasal-Ford.<\/p>\n","protected":false},"excerpt":{"rendered":"<p>Roberta Mandelli, que est\u00e1 \u00e0 frente da Tidelli Bras\u00edlia, reserva algumas surpresas para o evento de lan\u00e7amento da nova cole\u00e7\u00e3o na quinta-feira (22\/9), quando ser\u00e1 apresentado um desfile que une moda e design, para outdoor living com as cria\u00e7\u00f5es dos designers Manuel Bandeira e Solana Marianelli, e do colaborador da Tidelli, F\u00e1bio Santos. Mas a surpresa ser\u00e1 por conta do [&hellip;]<\/p>\n","protected":false},"author":54,"featured_media":6197,"comment_status":"open","ping_status":"open","sticky":false,"template":"","format":"standard","meta":{"footnotes":""},"categories":[486],"tags":[],"class_list":["post-6196","post","type-post","status-publish","format-standard","has-post-thumbnail","hentry","category-evento"],"_links":{"self":[{"href":"https:\/\/blogs.correiobraziliense.com.br\/lianasabo\/wp-json\/wp\/v2\/posts\/6196","targetHints":{"allow":["GET"]}}],"collection":[{"href":"https:\/\/blogs.correiobraziliense.com.br\/lianasabo\/wp-json\/wp\/v2\/posts"}],"about":[{"href":"https:\/\/blogs.correiobraziliense.com.br\/lianasabo\/wp-json\/wp\/v2\/types\/post"}],"author":[{"embeddable":true,"href":"https:\/\/blogs.correiobraziliense.com.br\/lianasabo\/wp-json\/wp\/v2\/users\/54"}],"replies":[{"embeddable":true,"href":"https:\/\/blogs.correiobraziliense.com.br\/lianasabo\/wp-json\/wp\/v2\/comments?post=6196"}],"version-history":[{"count":1,"href":"https:\/\/blogs.correiobraziliense.com.br\/lianasabo\/wp-json\/wp\/v2\/posts\/6196\/revisions"}],"predecessor-version":[{"id":6198,"href":"https:\/\/blogs.correiobraziliense.com.br\/lianasabo\/wp-json\/wp\/v2\/posts\/6196\/revisions\/6198"}],"wp:featuredmedia":[{"embeddable":true,"href":"https:\/\/blogs.correiobraziliense.com.br\/lianasabo\/wp-json\/wp\/v2\/media\/6197"}],"wp:attachment":[{"href":"https:\/\/blogs.correiobraziliense.com.br\/lianasabo\/wp-json\/wp\/v2\/media?parent=6196"}],"wp:term":[{"taxonomy":"category","embeddable":true,"href":"https:\/\/blogs.correiobraziliense.com.br\/lianasabo\/wp-json\/wp\/v2\/categories?post=6196"},{"taxonomy":"post_tag","embeddable":true,"href":"https:\/\/blogs.correiobraziliense.com.br\/lianasabo\/wp-json\/wp\/v2\/tags?post=6196"}],"curies":[{"name":"wp","href":"https:\/\/api.w.org\/{rel}","templated":true}]}}