{"id":6193,"date":"2022-09-21T17:12:51","date_gmt":"2022-09-21T20:12:51","guid":{"rendered":"https:\/\/blogs.correiobraziliense.com.br\/lianasabo\/?p=6193"},"modified":"2022-09-21T17:12:51","modified_gmt":"2022-09-21T20:12:51","slug":"festival-de-cerveja-volta-ao-casapark","status":"publish","type":"post","link":"https:\/\/blogs.correiobraziliense.com.br\/lianasabo\/festival-de-cerveja-volta-ao-casapark\/","title":{"rendered":"Festival de cerveja volta ao Casapark"},"content":{"rendered":"<p>O Casapark ser\u00e1 o palco do festival Beer Week durante quatro dias. Nascido em 2016, o evento reunir\u00e1, de 22 a 25 de setembro, 18 produtores de cerveja locais e nacionais na Pra\u00e7a Central do shopping.<\/p>\n<p>Participam Stadt, Colorado, Goose, Patagonia, Cruls, Devaneio do Velhaco, Zanadu, Growleria, Hop Capital, Bracitorium, Corrupta, Bezy, Gont&#8217;s, Madstein, Biomma, \u00d3rbita Brewing, Est\u00f3ria, Quatro Poderes e Corina. Cada cervejaria, apresentar\u00e1 ao p\u00fablico novidades do mercado nacional e internacional, al\u00e9m de novos e exclusivos r\u00f3tulos.<\/p>\n<p>Al\u00e9m das cervejarias, o Beer Week conta com programa\u00e7\u00e3o musical e gastron\u00f4mica. A m\u00fasica fica por conta dos artistas F\u00e1bio Neves (quinta, \u00e0s 19h), Luiza Bachman (sexta, \u00e0s 19h), DJ F\u00e1bio Neves e Duo (s\u00e1bado, \u00e0s 19h) e DJ F\u00e1bio Neves e Pedro Berto Trio (domingo, \u00e0s 14h).<\/p>\n<p>J\u00e1 a gastronomia ser\u00e1 representada por P\u00e3o L\u00e1 de Casa (p\u00e3es artesanais), Wanna Brie Queijaria Viva (vegan food), Ateli\u00ea Marcela Saad (bolos e doces), Molhos Artesanais Curitiba, Goyas Defumados (frios e defumados) e Chef David Lamberger (caramelo belga).<\/p>\n<p><strong>Servi\u00e7o<\/strong><br \/>\n<strong>Beer Week<\/strong><br \/>\nDe 22 a 25 de setembro. No Casapark (SGCV Sul Lote 22, Guar\u00e1). Quinta, das 16h \u00e0s 22h; sexta, das 12h \u00e0s 22; s\u00e1bado, das 14h \u00e0s 22h; e domingo, das 14h \u00e0s 20h. Entrada franca. Informa\u00e7\u00f5es pelo Instagram @beerweekbsb.<\/p>\n","protected":false},"excerpt":{"rendered":"<p>O Casapark ser\u00e1 o palco do festival Beer Week durante quatro dias. Nascido em 2016, o evento reunir\u00e1, de 22 a 25 de setembro, 18 produtores de cerveja locais e nacionais na Pra\u00e7a Central do shopping. Participam Stadt, Colorado, Goose, Patagonia, Cruls, Devaneio do Velhaco, Zanadu, Growleria, Hop Capital, Bracitorium, Corrupta, Bezy, Gont&#8217;s, Madstein, Biomma, \u00d3rbita Brewing, Est\u00f3ria, Quatro Poderes [&hellip;]<\/p>\n","protected":false},"author":54,"featured_media":6194,"comment_status":"open","ping_status":"open","sticky":false,"template":"","format":"standard","meta":{"footnotes":""},"categories":[475],"tags":[594,593],"class_list":["post-6193","post","type-post","status-publish","format-standard","has-post-thumbnail","hentry","category-bebida","tag-beer-week","tag-festival-de-cerveja"],"_links":{"self":[{"href":"https:\/\/blogs.correiobraziliense.com.br\/lianasabo\/wp-json\/wp\/v2\/posts\/6193","targetHints":{"allow":["GET"]}}],"collection":[{"href":"https:\/\/blogs.correiobraziliense.com.br\/lianasabo\/wp-json\/wp\/v2\/posts"}],"about":[{"href":"https:\/\/blogs.correiobraziliense.com.br\/lianasabo\/wp-json\/wp\/v2\/types\/post"}],"author":[{"embeddable":true,"href":"https:\/\/blogs.correiobraziliense.com.br\/lianasabo\/wp-json\/wp\/v2\/users\/54"}],"replies":[{"embeddable":true,"href":"https:\/\/blogs.correiobraziliense.com.br\/lianasabo\/wp-json\/wp\/v2\/comments?post=6193"}],"version-history":[{"count":1,"href":"https:\/\/blogs.correiobraziliense.com.br\/lianasabo\/wp-json\/wp\/v2\/posts\/6193\/revisions"}],"predecessor-version":[{"id":6195,"href":"https:\/\/blogs.correiobraziliense.com.br\/lianasabo\/wp-json\/wp\/v2\/posts\/6193\/revisions\/6195"}],"wp:featuredmedia":[{"embeddable":true,"href":"https:\/\/blogs.correiobraziliense.com.br\/lianasabo\/wp-json\/wp\/v2\/media\/6194"}],"wp:attachment":[{"href":"https:\/\/blogs.correiobraziliense.com.br\/lianasabo\/wp-json\/wp\/v2\/media?parent=6193"}],"wp:term":[{"taxonomy":"category","embeddable":true,"href":"https:\/\/blogs.correiobraziliense.com.br\/lianasabo\/wp-json\/wp\/v2\/categories?post=6193"},{"taxonomy":"post_tag","embeddable":true,"href":"https:\/\/blogs.correiobraziliense.com.br\/lianasabo\/wp-json\/wp\/v2\/tags?post=6193"}],"curies":[{"name":"wp","href":"https:\/\/api.w.org\/{rel}","templated":true}]}}