{"id":6175,"date":"2022-09-16T09:26:03","date_gmt":"2022-09-16T12:26:03","guid":{"rendered":"https:\/\/blogs.correiobraziliense.com.br\/lianasabo\/?p=6175"},"modified":"2022-09-16T09:26:03","modified_gmt":"2022-09-16T12:26:03","slug":"maior-feira-de-vinhos-da-america-latina-desembarca-em-bento-goncalves","status":"publish","type":"post","link":"https:\/\/blogs.correiobraziliense.com.br\/lianasabo\/maior-feira-de-vinhos-da-america-latina-desembarca-em-bento-goncalves\/","title":{"rendered":"Maior feira de vinhos da Am\u00e9rica Latina desembarca em Bento Gon\u00e7alves"},"content":{"rendered":"<p>O Rio Grande do Sul vai receber quarta, quinta e sexta-feiras a terceira edi\u00e7\u00e3o da Wine South America (WSA), maior e principal feira profissional de vinhos da Am\u00e9rica Latina, que se realiza em Bento Gon\u00e7alves, considerada a capital do vinho brasileiro, cujo nome \u00e9 uma homenagem ao principal l\u00edder da Guerra dos Farrapos, como ficou conhecido o conflito regional. Mais de sete mil visitantes dever\u00e3o passar pelos corredores da feira, que ap\u00f3s dois anos da pandemia, retoma o formato presencial.<\/p>\n<p>Mais de 300 marcas de pa\u00edses que tem tradi\u00e7\u00e3o na produ\u00e7\u00e3o de vinhos, como It\u00e1lia, Argentina, Chile, Brasil, Uruguai, Portugal, Espanha e Fran\u00e7a, al\u00e9m de terroirs promissores, como Maced\u00f4nia, Ge\u00f3rgia e Eslov\u00eania estar\u00e3o expostas. A ideia \u00e9 \u201creunir p\u00fablico qualificado e promover neg\u00f3cios\u201d, resume Marcos Milanez Milaneze, diretor da WSA, que \u00e9 direcionada a profissionais do segmento: importadores, exportadores, distribuidores, atacadistas, supermercados, bares, restaurantes, hot\u00e9is, lojas especializadas, sommeliers e varejistas.<\/p>\n<figure id=\"attachment_6177\" aria-describedby=\"caption-attachment-6177\" style=\"width: 300px\" class=\"wp-caption alignright\"><a href=\"https:\/\/blogs.correiobraziliense.com.br\/lianasabo\/wp-content\/uploads\/sites\/25\/2022\/09\/image004.png\"><img loading=\"lazy\" decoding=\"async\" class=\"size-medium wp-image-6177\" src=\"https:\/\/blogs.correiobraziliense.com.br\/lianasabo\/wp-content\/uploads\/sites\/25\/2022\/09\/image004-300x215.png\" alt=\"\" width=\"300\" height=\"215\" srcset=\"https:\/\/blogs.correiobraziliense.com.br\/lianasabo\/wp-content\/uploads\/sites\/25\/2022\/09\/image004-300x215.png 300w, https:\/\/blogs.correiobraziliense.com.br\/lianasabo\/wp-content\/uploads\/sites\/25\/2022\/09\/image004-768x550.png 768w, https:\/\/blogs.correiobraziliense.com.br\/lianasabo\/wp-content\/uploads\/sites\/25\/2022\/09\/image004-800x573.png 800w, https:\/\/blogs.correiobraziliense.com.br\/lianasabo\/wp-content\/uploads\/sites\/25\/2022\/09\/image004-550x394.png 550w, https:\/\/blogs.correiobraziliense.com.br\/lianasabo\/wp-content\/uploads\/sites\/25\/2022\/09\/image004-230x165.png 230w, https:\/\/blogs.correiobraziliense.com.br\/lianasabo\/wp-content\/uploads\/sites\/25\/2022\/09\/image004.png 915w\" sizes=\"auto, (max-width: 300px) 100vw, 300px\" \/><\/a><figcaption id=\"caption-attachment-6177\" class=\"wp-caption-text\">Cr\u00e9dito: Wine South America\/Divulga\u00e7\u00e3o<\/figcaption><\/figure>\n<p><strong>Destaque italiano<\/strong><\/p>\n<p>A It\u00e1lia ser\u00e1 representada por cerca de 120 r\u00f3tulos trazidos por importadores, al\u00e9m de outros 70 vinhos ainda in\u00e9ditos apresentados por 18 vin\u00edcolas do pa\u00eds europeu, que desembarcam aqui pela primeira vez. A participa\u00e7\u00e3o \u00e9 coordenada pela ITA- Italian Trade Agency, respons\u00e1vel pela vinda do master of wine da It\u00e1lia, Gabriele Gorelli, que conduzir\u00e1 masterclasses.<\/p>\n<p>O evento contar\u00e1 com a presen\u00e7a do embaixador da It\u00e1lia no Brasil, Francesco Azzarello. Entre os principais vinhos italianos que os brasileiros apreciam est\u00e3o r\u00f3tulos da Toscana, Puglia, Emilia Romagna, Sic\u00edlia, Veneto, Piemonte e Abruzzo. Al\u00e9m disso, come\u00e7am a ganhar espa\u00e7o vinhos do Friuli, Campania, Umbria, Trentino Alto Adige e Marche.<\/p>\n<p>Mais informa\u00e7\u00f5es e ingressos nos sites: <a href=\"https:\/\/www.winesa.com.br\/\">www.winesa.com.br<\/a> e <a href=\"https:\/\/www.winesa.com.br\/visitante\/ingressos\">www.winesa.com.br\/visitante\/ingressos<\/a>.<\/p>\n","protected":false},"excerpt":{"rendered":"<p>O Rio Grande do Sul vai receber quarta, quinta e sexta-feiras a terceira edi\u00e7\u00e3o da Wine South America (WSA), maior e principal feira profissional de vinhos da Am\u00e9rica Latina, que se realiza em Bento Gon\u00e7alves, considerada a capital do vinho brasileiro, cujo nome \u00e9 uma homenagem ao principal l\u00edder da Guerra dos Farrapos, como ficou conhecido o conflito regional. Mais [&hellip;]<\/p>\n","protected":false},"author":54,"featured_media":6176,"comment_status":"open","ping_status":"open","sticky":false,"template":"","format":"standard","meta":{"footnotes":""},"categories":[222],"tags":[585,92,584],"class_list":["post-6175","post","type-post","status-publish","format-standard","has-post-thumbnail","hentry","category-vinhos","tag-bento-goncalves","tag-vinho","tag-wine-south-america"],"_links":{"self":[{"href":"https:\/\/blogs.correiobraziliense.com.br\/lianasabo\/wp-json\/wp\/v2\/posts\/6175","targetHints":{"allow":["GET"]}}],"collection":[{"href":"https:\/\/blogs.correiobraziliense.com.br\/lianasabo\/wp-json\/wp\/v2\/posts"}],"about":[{"href":"https:\/\/blogs.correiobraziliense.com.br\/lianasabo\/wp-json\/wp\/v2\/types\/post"}],"author":[{"embeddable":true,"href":"https:\/\/blogs.correiobraziliense.com.br\/lianasabo\/wp-json\/wp\/v2\/users\/54"}],"replies":[{"embeddable":true,"href":"https:\/\/blogs.correiobraziliense.com.br\/lianasabo\/wp-json\/wp\/v2\/comments?post=6175"}],"version-history":[{"count":1,"href":"https:\/\/blogs.correiobraziliense.com.br\/lianasabo\/wp-json\/wp\/v2\/posts\/6175\/revisions"}],"predecessor-version":[{"id":6178,"href":"https:\/\/blogs.correiobraziliense.com.br\/lianasabo\/wp-json\/wp\/v2\/posts\/6175\/revisions\/6178"}],"wp:featuredmedia":[{"embeddable":true,"href":"https:\/\/blogs.correiobraziliense.com.br\/lianasabo\/wp-json\/wp\/v2\/media\/6176"}],"wp:attachment":[{"href":"https:\/\/blogs.correiobraziliense.com.br\/lianasabo\/wp-json\/wp\/v2\/media?parent=6175"}],"wp:term":[{"taxonomy":"category","embeddable":true,"href":"https:\/\/blogs.correiobraziliense.com.br\/lianasabo\/wp-json\/wp\/v2\/categories?post=6175"},{"taxonomy":"post_tag","embeddable":true,"href":"https:\/\/blogs.correiobraziliense.com.br\/lianasabo\/wp-json\/wp\/v2\/tags?post=6175"}],"curies":[{"name":"wp","href":"https:\/\/api.w.org\/{rel}","templated":true}]}}