{"id":6155,"date":"2022-09-09T08:54:39","date_gmt":"2022-09-09T11:54:39","guid":{"rendered":"https:\/\/blogs.correiobraziliense.com.br\/lianasabo\/?p=6155"},"modified":"2022-09-09T08:55:09","modified_gmt":"2022-09-09T11:55:09","slug":"tiras-de-duroc-no-restaurante-xamam-charcutaria","status":"publish","type":"post","link":"https:\/\/blogs.correiobraziliense.com.br\/lianasabo\/tiras-de-duroc-no-restaurante-xamam-charcutaria\/","title":{"rendered":"Tiras de duroc no restaurante Xamam &amp; Charcutaria"},"content":{"rendered":"<p>O restaurante Xamam &amp; Charcutaria, na 210 Sul, que tem na carne su\u00edna o foco exclusivo, n\u00e3o se furtou em aderir ao Festival Porco R\u00fastico Duroc, abra\u00e7ando a ra\u00e7a importada dos Estados Unidos com um assado de tiras temperado com mel e dry rub (mistura de ervas e especiarias) acompanhado de arroz de bir\u00f4-biro, vinagrete e laranja grelhada. O prato sai por R$ 75 at\u00e9 o dia 18, t\u00e9rmino do festival e \u00e9 servido no almo\u00e7o e jantar. Reservas: 98593-8593.<\/p>\n","protected":false},"excerpt":{"rendered":"<p>O restaurante Xamam &amp; Charcutaria, na 210 Sul, que tem na carne su\u00edna o foco exclusivo, n\u00e3o se furtou em aderir ao Festival Porco R\u00fastico Duroc, abra\u00e7ando a ra\u00e7a importada dos Estados Unidos com um assado de tiras temperado com mel e dry rub (mistura de ervas e especiarias) acompanhado de arroz de bir\u00f4-biro, vinagrete e laranja grelhada. O prato [&hellip;]<\/p>\n","protected":false},"author":54,"featured_media":6156,"comment_status":"open","ping_status":"open","sticky":false,"template":"","format":"standard","meta":{"footnotes":""},"categories":[317],"tags":[17,318],"class_list":["post-6155","post","type-post","status-publish","format-standard","has-post-thumbnail","hentry","category-carne-suina","tag-asa-sul","tag-xamam-charcutaria"],"_links":{"self":[{"href":"https:\/\/blogs.correiobraziliense.com.br\/lianasabo\/wp-json\/wp\/v2\/posts\/6155","targetHints":{"allow":["GET"]}}],"collection":[{"href":"https:\/\/blogs.correiobraziliense.com.br\/lianasabo\/wp-json\/wp\/v2\/posts"}],"about":[{"href":"https:\/\/blogs.correiobraziliense.com.br\/lianasabo\/wp-json\/wp\/v2\/types\/post"}],"author":[{"embeddable":true,"href":"https:\/\/blogs.correiobraziliense.com.br\/lianasabo\/wp-json\/wp\/v2\/users\/54"}],"replies":[{"embeddable":true,"href":"https:\/\/blogs.correiobraziliense.com.br\/lianasabo\/wp-json\/wp\/v2\/comments?post=6155"}],"version-history":[{"count":1,"href":"https:\/\/blogs.correiobraziliense.com.br\/lianasabo\/wp-json\/wp\/v2\/posts\/6155\/revisions"}],"predecessor-version":[{"id":6157,"href":"https:\/\/blogs.correiobraziliense.com.br\/lianasabo\/wp-json\/wp\/v2\/posts\/6155\/revisions\/6157"}],"wp:featuredmedia":[{"embeddable":true,"href":"https:\/\/blogs.correiobraziliense.com.br\/lianasabo\/wp-json\/wp\/v2\/media\/6156"}],"wp:attachment":[{"href":"https:\/\/blogs.correiobraziliense.com.br\/lianasabo\/wp-json\/wp\/v2\/media?parent=6155"}],"wp:term":[{"taxonomy":"category","embeddable":true,"href":"https:\/\/blogs.correiobraziliense.com.br\/lianasabo\/wp-json\/wp\/v2\/categories?post=6155"},{"taxonomy":"post_tag","embeddable":true,"href":"https:\/\/blogs.correiobraziliense.com.br\/lianasabo\/wp-json\/wp\/v2\/tags?post=6155"}],"curies":[{"name":"wp","href":"https:\/\/api.w.org\/{rel}","templated":true}]}}