{"id":6151,"date":"2022-09-09T08:51:50","date_gmt":"2022-09-09T11:51:50","guid":{"rendered":"https:\/\/blogs.correiobraziliense.com.br\/lianasabo\/?p=6151"},"modified":"2022-09-09T08:51:50","modified_gmt":"2022-09-09T11:51:50","slug":"dudu-camargo-apresenta-novos-pratos-no-cardapio","status":"publish","type":"post","link":"https:\/\/blogs.correiobraziliense.com.br\/lianasabo\/dudu-camargo-apresenta-novos-pratos-no-cardapio\/","title":{"rendered":"Dudu Camargo apresenta novos pratos no card\u00e1pio"},"content":{"rendered":"<p>O talentoso chef Dudu Camargo, que costuma renovar o card\u00e1pio duas ou tr\u00eas vezes por ano, no advento da primavera lan\u00e7a pratos t\u00e3o sugestivos quanto os nomes, como o Quen Quen, que \u00e9 pato em duas texturas com geleia de casca de lim\u00f5es, escoltado de risoto grana padano salpicado de am\u00eandoas douradas por R$ 140. \u201cA ideia foi trazer novas cria\u00e7\u00f5es que fossem mais sofisticadas, usando ingredientes como a lula, por exemplo, al\u00e9m de camar\u00f5es e frutos do mar\u201d, afirma o chef.<\/p>\n<figure id=\"attachment_6153\" aria-describedby=\"caption-attachment-6153\" style=\"width: 1024px\" class=\"wp-caption aligncenter\"><a href=\"https:\/\/blogs.correiobraziliense.com.br\/lianasabo\/wp-content\/uploads\/sites\/25\/2022\/09\/Do-Mar-para-o-Campo.jpg\"><img loading=\"lazy\" decoding=\"async\" class=\"size-large wp-image-6153\" src=\"https:\/\/blogs.correiobraziliense.com.br\/lianasabo\/wp-content\/uploads\/sites\/25\/2022\/09\/Do-Mar-para-o-Campo-1024x683.jpg\" alt=\"\" width=\"1024\" height=\"683\" srcset=\"https:\/\/blogs.correiobraziliense.com.br\/lianasabo\/wp-content\/uploads\/sites\/25\/2022\/09\/Do-Mar-para-o-Campo-1024x683.jpg 1024w, https:\/\/blogs.correiobraziliense.com.br\/lianasabo\/wp-content\/uploads\/sites\/25\/2022\/09\/Do-Mar-para-o-Campo-300x200.jpg 300w, https:\/\/blogs.correiobraziliense.com.br\/lianasabo\/wp-content\/uploads\/sites\/25\/2022\/09\/Do-Mar-para-o-Campo-768x512.jpg 768w, https:\/\/blogs.correiobraziliense.com.br\/lianasabo\/wp-content\/uploads\/sites\/25\/2022\/09\/Do-Mar-para-o-Campo-800x533.jpg 800w, https:\/\/blogs.correiobraziliense.com.br\/lianasabo\/wp-content\/uploads\/sites\/25\/2022\/09\/Do-Mar-para-o-Campo-550x367.jpg 550w, https:\/\/blogs.correiobraziliense.com.br\/lianasabo\/wp-content\/uploads\/sites\/25\/2022\/09\/Do-Mar-para-o-Campo-230x153.jpg 230w, https:\/\/blogs.correiobraziliense.com.br\/lianasabo\/wp-content\/uploads\/sites\/25\/2022\/09\/Do-Mar-para-o-Campo.jpg 1200w\" sizes=\"auto, (max-width: 1024px) 100vw, 1024px\" \/><\/a><figcaption id=\"caption-attachment-6153\" class=\"wp-caption-text\">Cr\u00e9dito: Dudu Bar\/Divulga\u00e7\u00e3o. Prato Do Mar para o Campo<\/figcaption><\/figure>\n<p>Do mar ao campo \u00e9 o prato que traz espaguete com molho de legumes, bacon crocante e camar\u00f5es acompanhado de ancho grelhado por R$ 120. J\u00e1 o fil\u00e9 grelhado ao molho de baunilha do cerrado e risoto de caf\u00e9 expresso com raspas de chocolate meio amargo (R$ 110) pode ser pedido com a indaga\u00e7\u00e3o ser\u00e1 que \u00e9 caf\u00e9? No Dudu Bar, 303 Sul, whatsapp 99341-0055.<\/p>\n","protected":false},"excerpt":{"rendered":"<p>O talentoso chef Dudu Camargo, que costuma renovar o card\u00e1pio duas ou tr\u00eas vezes por ano, no advento da primavera lan\u00e7a pratos t\u00e3o sugestivos quanto os nomes, como o Quen Quen, que \u00e9 pato em duas texturas com geleia de casca de lim\u00f5es, escoltado de risoto grana padano salpicado de am\u00eandoas douradas por R$ 140. \u201cA ideia foi trazer novas [&hellip;]<\/p>\n","protected":false},"author":54,"featured_media":6152,"comment_status":"open","ping_status":"open","sticky":false,"template":"","format":"standard","meta":{"footnotes":""},"categories":[326],"tags":[356,345,144,269,452],"class_list":["post-6151","post","type-post","status-publish","format-standard","has-post-thumbnail","hentry","category-restaurantes","tag-cardapio","tag-chef","tag-dudu-bar","tag-dudu-camargo","tag-pratos"],"_links":{"self":[{"href":"https:\/\/blogs.correiobraziliense.com.br\/lianasabo\/wp-json\/wp\/v2\/posts\/6151","targetHints":{"allow":["GET"]}}],"collection":[{"href":"https:\/\/blogs.correiobraziliense.com.br\/lianasabo\/wp-json\/wp\/v2\/posts"}],"about":[{"href":"https:\/\/blogs.correiobraziliense.com.br\/lianasabo\/wp-json\/wp\/v2\/types\/post"}],"author":[{"embeddable":true,"href":"https:\/\/blogs.correiobraziliense.com.br\/lianasabo\/wp-json\/wp\/v2\/users\/54"}],"replies":[{"embeddable":true,"href":"https:\/\/blogs.correiobraziliense.com.br\/lianasabo\/wp-json\/wp\/v2\/comments?post=6151"}],"version-history":[{"count":1,"href":"https:\/\/blogs.correiobraziliense.com.br\/lianasabo\/wp-json\/wp\/v2\/posts\/6151\/revisions"}],"predecessor-version":[{"id":6154,"href":"https:\/\/blogs.correiobraziliense.com.br\/lianasabo\/wp-json\/wp\/v2\/posts\/6151\/revisions\/6154"}],"wp:featuredmedia":[{"embeddable":true,"href":"https:\/\/blogs.correiobraziliense.com.br\/lianasabo\/wp-json\/wp\/v2\/media\/6152"}],"wp:attachment":[{"href":"https:\/\/blogs.correiobraziliense.com.br\/lianasabo\/wp-json\/wp\/v2\/media?parent=6151"}],"wp:term":[{"taxonomy":"category","embeddable":true,"href":"https:\/\/blogs.correiobraziliense.com.br\/lianasabo\/wp-json\/wp\/v2\/categories?post=6151"},{"taxonomy":"post_tag","embeddable":true,"href":"https:\/\/blogs.correiobraziliense.com.br\/lianasabo\/wp-json\/wp\/v2\/tags?post=6151"}],"curies":[{"name":"wp","href":"https:\/\/api.w.org\/{rel}","templated":true}]}}