{"id":6131,"date":"2022-09-02T09:09:08","date_gmt":"2022-09-02T12:09:08","guid":{"rendered":"https:\/\/blogs.correiobraziliense.com.br\/lianasabo\/?p=6131"},"modified":"2022-09-02T09:13:08","modified_gmt":"2022-09-02T12:13:08","slug":"la-boulangerie-cria-sacola-ecologica-tematica","status":"publish","type":"post","link":"https:\/\/blogs.correiobraziliense.com.br\/lianasabo\/la-boulangerie-cria-sacola-ecologica-tematica\/","title":{"rendered":"La Boulangerie cria sacola ecol\u00f3gica tem\u00e1tica"},"content":{"rendered":"<p>H\u00e1 muitos anos La Boulangerie vem usando sacola de papel craft pardo em substitui\u00e7\u00e3o ao pl\u00e1stico, que acaba de ser abolido em todos os estabelecimentos. Para evitar o ac\u00famulo at\u00e9 de papel, Thais e o chef boulanger Guillhaume Petitgas encomendaram ao marketing a cria\u00e7\u00e3o de uma charmosa bolsa de pano com estampa de Paris. Sai por R$ 20 \u00e0 venda nos quatro endere\u00e7os: 306 Sul, 212 Norte, QI 21 Lago Sul e 300B Sudoeste.<\/p>\n","protected":false},"excerpt":{"rendered":"<p>H\u00e1 muitos anos La Boulangerie vem usando sacola de papel craft pardo em substitui\u00e7\u00e3o ao pl\u00e1stico, que acaba de ser abolido em todos os estabelecimentos. Para evitar o ac\u00famulo at\u00e9 de papel, Thais e o chef boulanger Guillhaume Petitgas encomendaram ao marketing a cria\u00e7\u00e3o de uma charmosa bolsa de pano com estampa de Paris. Sai por R$ 20 \u00e0 venda [&hellip;]<\/p>\n","protected":false},"author":54,"featured_media":6134,"comment_status":"open","ping_status":"open","sticky":false,"template":"","format":"standard","meta":{"footnotes":""},"categories":[209],"tags":[566,567],"class_list":["post-6131","post","type-post","status-publish","format-standard","has-post-thumbnail","hentry","category-padarias","tag-la-boulangerie","tag-sacola-ecologica"],"_links":{"self":[{"href":"https:\/\/blogs.correiobraziliense.com.br\/lianasabo\/wp-json\/wp\/v2\/posts\/6131","targetHints":{"allow":["GET"]}}],"collection":[{"href":"https:\/\/blogs.correiobraziliense.com.br\/lianasabo\/wp-json\/wp\/v2\/posts"}],"about":[{"href":"https:\/\/blogs.correiobraziliense.com.br\/lianasabo\/wp-json\/wp\/v2\/types\/post"}],"author":[{"embeddable":true,"href":"https:\/\/blogs.correiobraziliense.com.br\/lianasabo\/wp-json\/wp\/v2\/users\/54"}],"replies":[{"embeddable":true,"href":"https:\/\/blogs.correiobraziliense.com.br\/lianasabo\/wp-json\/wp\/v2\/comments?post=6131"}],"version-history":[{"count":1,"href":"https:\/\/blogs.correiobraziliense.com.br\/lianasabo\/wp-json\/wp\/v2\/posts\/6131\/revisions"}],"predecessor-version":[{"id":6133,"href":"https:\/\/blogs.correiobraziliense.com.br\/lianasabo\/wp-json\/wp\/v2\/posts\/6131\/revisions\/6133"}],"wp:featuredmedia":[{"embeddable":true,"href":"https:\/\/blogs.correiobraziliense.com.br\/lianasabo\/wp-json\/wp\/v2\/media\/6134"}],"wp:attachment":[{"href":"https:\/\/blogs.correiobraziliense.com.br\/lianasabo\/wp-json\/wp\/v2\/media?parent=6131"}],"wp:term":[{"taxonomy":"category","embeddable":true,"href":"https:\/\/blogs.correiobraziliense.com.br\/lianasabo\/wp-json\/wp\/v2\/categories?post=6131"},{"taxonomy":"post_tag","embeddable":true,"href":"https:\/\/blogs.correiobraziliense.com.br\/lianasabo\/wp-json\/wp\/v2\/tags?post=6131"}],"curies":[{"name":"wp","href":"https:\/\/api.w.org\/{rel}","templated":true}]}}