{"id":6123,"date":"2022-09-02T09:04:29","date_gmt":"2022-09-02T12:04:29","guid":{"rendered":"https:\/\/blogs.correiobraziliense.com.br\/lianasabo\/?p=6123"},"modified":"2022-09-02T09:04:29","modified_gmt":"2022-09-02T12:04:29","slug":"embaixada-do-peru-realiza-o-5o-festival-peruano","status":"publish","type":"post","link":"https:\/\/blogs.correiobraziliense.com.br\/lianasabo\/embaixada-do-peru-realiza-o-5o-festival-peruano\/","title":{"rendered":"Embaixada do Peru realiza o 5\u00ba Festival Peruano"},"content":{"rendered":"<p>Na outra ponta da cidade &#8211; Avenida das Na\u00e7\u00f5es, Quadra 811 Sul -, a Embaixada do Peru abre as portas para o 5\u00ba Festival Peruano, que realiza somente amanh\u00e3 (3\/9) com acesso mediante 1kg de alimento destinado \u00e0 obra social. No primeiro evento, desde 2019, interrompido devido \u00e0 pandemia, mais uma vez o chef peruano do Tayp\u00e1 assume com sua equipe a confec\u00e7\u00e3o do card\u00e1pio muito t\u00edpico que encanta o gourmet brasiliense.<\/p>\n<p>A partir do pisco sour (R$ 30), haver\u00e1 tr\u00eas ceviches (cl\u00e1ssico e Nikkei tamb\u00e9m por R$ 30) e causa de camar\u00f5es (R$ 35), al\u00e9m do arroz com mariscos (R$ 40), mesmo pre\u00e7o do lomo saltado, um dos tr\u00eas pratos criollos. Os outros dois s\u00e3o aji de galinha (R$ 30) e seco de costela com feij\u00e3o e arroz (R$ 35).<\/p>\n<div id='gallery-1' class='gallery galleryid-6123 gallery-columns-3 gallery-size-full'><figure class='gallery-item'>\n\t\t\t<div class='gallery-icon landscape'>\n\t\t\t\t<a href='https:\/\/blogs.correiobraziliense.com.br\/lianasabo\/embaixada-do-peru-realiza-o-5o-festival-peruano\/whatsapp-image-2022-09-01-at-16-42-05-2\/'><img loading=\"lazy\" decoding=\"async\" width=\"1024\" height=\"768\" src=\"https:\/\/blogs.correiobraziliense.com.br\/lianasabo\/wp-content\/uploads\/sites\/25\/2022\/09\/WhatsApp-Image-2022-09-01-at-16.42.05-2.jpeg\" class=\"attachment-full size-full\" alt=\"\" aria-describedby=\"gallery-1-6124\" srcset=\"https:\/\/blogs.correiobraziliense.com.br\/lianasabo\/wp-content\/uploads\/sites\/25\/2022\/09\/WhatsApp-Image-2022-09-01-at-16.42.05-2.jpeg 1024w, https:\/\/blogs.correiobraziliense.com.br\/lianasabo\/wp-content\/uploads\/sites\/25\/2022\/09\/WhatsApp-Image-2022-09-01-at-16.42.05-2-300x225.jpeg 300w, https:\/\/blogs.correiobraziliense.com.br\/lianasabo\/wp-content\/uploads\/sites\/25\/2022\/09\/WhatsApp-Image-2022-09-01-at-16.42.05-2-768x576.jpeg 768w, https:\/\/blogs.correiobraziliense.com.br\/lianasabo\/wp-content\/uploads\/sites\/25\/2022\/09\/WhatsApp-Image-2022-09-01-at-16.42.05-2-800x600.jpeg 800w, https:\/\/blogs.correiobraziliense.com.br\/lianasabo\/wp-content\/uploads\/sites\/25\/2022\/09\/WhatsApp-Image-2022-09-01-at-16.42.05-2-550x413.jpeg 550w, https:\/\/blogs.correiobraziliense.com.br\/lianasabo\/wp-content\/uploads\/sites\/25\/2022\/09\/WhatsApp-Image-2022-09-01-at-16.42.05-2-230x173.jpeg 230w\" sizes=\"auto, (max-width: 1024px) 100vw, 1024px\" \/><\/a>\n\t\t\t<\/div>\n\t\t\t\t<figcaption class='wp-caption-text gallery-caption' id='gallery-1-6124'>\n\t\t\t\tCr\u00e9dito: Liana Sabo\/CB\/D.A Press\n\t\t\t\t<\/figcaption><\/figure><figure class='gallery-item'>\n\t\t\t<div class='gallery-icon landscape'>\n\t\t\t\t<a href='https:\/\/blogs.correiobraziliense.com.br\/lianasabo\/embaixada-do-peru-realiza-o-5o-festival-peruano\/whatsapp-image-2022-09-01-at-16-42-05-1\/'><img loading=\"lazy\" decoding=\"async\" width=\"1024\" height=\"768\" src=\"https:\/\/blogs.correiobraziliense.com.br\/lianasabo\/wp-content\/uploads\/sites\/25\/2022\/09\/WhatsApp-Image-2022-09-01-at-16.42.05-1.jpeg\" class=\"attachment-full size-full\" alt=\"\" srcset=\"https:\/\/blogs.correiobraziliense.com.br\/lianasabo\/wp-content\/uploads\/sites\/25\/2022\/09\/WhatsApp-Image-2022-09-01-at-16.42.05-1.jpeg 1024w, https:\/\/blogs.correiobraziliense.com.br\/lianasabo\/wp-content\/uploads\/sites\/25\/2022\/09\/WhatsApp-Image-2022-09-01-at-16.42.05-1-300x225.jpeg 300w, https:\/\/blogs.correiobraziliense.com.br\/lianasabo\/wp-content\/uploads\/sites\/25\/2022\/09\/WhatsApp-Image-2022-09-01-at-16.42.05-1-768x576.jpeg 768w, https:\/\/blogs.correiobraziliense.com.br\/lianasabo\/wp-content\/uploads\/sites\/25\/2022\/09\/WhatsApp-Image-2022-09-01-at-16.42.05-1-800x600.jpeg 800w, https:\/\/blogs.correiobraziliense.com.br\/lianasabo\/wp-content\/uploads\/sites\/25\/2022\/09\/WhatsApp-Image-2022-09-01-at-16.42.05-1-550x413.jpeg 550w, https:\/\/blogs.correiobraziliense.com.br\/lianasabo\/wp-content\/uploads\/sites\/25\/2022\/09\/WhatsApp-Image-2022-09-01-at-16.42.05-1-230x173.jpeg 230w\" sizes=\"auto, (max-width: 1024px) 100vw, 1024px\" \/><\/a>\n\t\t\t<\/div><\/figure><figure class='gallery-item'>\n\t\t\t<div class='gallery-icon landscape'>\n\t\t\t\t<a href='https:\/\/blogs.correiobraziliense.com.br\/lianasabo\/embaixada-do-peru-realiza-o-5o-festival-peruano\/whatsapp-image-2022-09-01-at-16-42-05\/'><img loading=\"lazy\" decoding=\"async\" width=\"1024\" height=\"768\" src=\"https:\/\/blogs.correiobraziliense.com.br\/lianasabo\/wp-content\/uploads\/sites\/25\/2022\/09\/WhatsApp-Image-2022-09-01-at-16.42.05.jpeg\" class=\"attachment-full size-full\" alt=\"\" srcset=\"https:\/\/blogs.correiobraziliense.com.br\/lianasabo\/wp-content\/uploads\/sites\/25\/2022\/09\/WhatsApp-Image-2022-09-01-at-16.42.05.jpeg 1024w, https:\/\/blogs.correiobraziliense.com.br\/lianasabo\/wp-content\/uploads\/sites\/25\/2022\/09\/WhatsApp-Image-2022-09-01-at-16.42.05-300x225.jpeg 300w, https:\/\/blogs.correiobraziliense.com.br\/lianasabo\/wp-content\/uploads\/sites\/25\/2022\/09\/WhatsApp-Image-2022-09-01-at-16.42.05-768x576.jpeg 768w, https:\/\/blogs.correiobraziliense.com.br\/lianasabo\/wp-content\/uploads\/sites\/25\/2022\/09\/WhatsApp-Image-2022-09-01-at-16.42.05-800x600.jpeg 800w, https:\/\/blogs.correiobraziliense.com.br\/lianasabo\/wp-content\/uploads\/sites\/25\/2022\/09\/WhatsApp-Image-2022-09-01-at-16.42.05-550x413.jpeg 550w, https:\/\/blogs.correiobraziliense.com.br\/lianasabo\/wp-content\/uploads\/sites\/25\/2022\/09\/WhatsApp-Image-2022-09-01-at-16.42.05-230x173.jpeg 230w\" sizes=\"auto, (max-width: 1024px) 100vw, 1024px\" \/><\/a>\n\t\t\t<\/div><\/figure>\n\t\t<\/div>\n\n<p>Assados na brasa s\u00e3o o galeto, servido com batata frita e molho; anticucho (espetinho) de frango com milho, batata e molho (ambos por R$ 25 cada) e porco com batata calabresa e farofa de ovos (R$ 40). De sobremesa, suspiro limenho e churros com creme de baunilha (R$ 15). Cervejas cuzquenhas tamb\u00e9m estar\u00e3o dispon\u00edveis.<\/p>\n<p><strong>Turismo<\/strong><\/p>\n<p>Ao apresentar o festival \u00e0 imprensa, o embaixador do Peru, R\u00f3mulo Acurio, que chegou h\u00e1 seis meses ao Brasil, informou que o evento tamb\u00e9m vai focar nos novos destinos tur\u00edsticos de seu pa\u00eds. Al\u00e9m das atra\u00e7\u00f5es j\u00e1 consagradas, como Cuzco e Machu Pichu, o Peru oferece outras rotas de biomas diversos, como a Amaz\u00f4nia, onde come\u00e7am a surgir resorts de grande conforto. Para falar sobre o tema estar\u00e1 presente a representante do Escrit\u00f3rio Comercial do Peru no Brasil, Milagros Ochoa.<\/p>\n<p>Quem comparecer \u00e0 embaixada peruana, s\u00e1bado no hor\u00e1rio entre 11h e 16h, ter\u00e1 ainda a chance de adquirir objetos de arte, como cer\u00e2micas. O artista pl\u00e1stico Jerson Ruiz vai comandar uma oficina de artesanato.<\/p>\n","protected":false},"excerpt":{"rendered":"<p>Na outra ponta da cidade &#8211; Avenida das Na\u00e7\u00f5es, Quadra 811 Sul -, a Embaixada do Peru abre as portas para o 5\u00ba Festival Peruano, que realiza somente amanh\u00e3 (3\/9) com acesso mediante 1kg de alimento destinado \u00e0 obra social. No primeiro evento, desde 2019, interrompido devido \u00e0 pandemia, mais uma vez o chef peruano do Tayp\u00e1 assume com sua [&hellip;]<\/p>\n","protected":false},"author":54,"featured_media":6127,"comment_status":"open","ping_status":"open","sticky":false,"template":"","format":"standard","meta":{"footnotes":""},"categories":[486],"tags":[564,565],"class_list":["post-6123","post","type-post","status-publish","format-standard","has-post-thumbnail","hentry","category-evento","tag-5o-festival-peruano","tag-embaixada-do-peru"],"_links":{"self":[{"href":"https:\/\/blogs.correiobraziliense.com.br\/lianasabo\/wp-json\/wp\/v2\/posts\/6123","targetHints":{"allow":["GET"]}}],"collection":[{"href":"https:\/\/blogs.correiobraziliense.com.br\/lianasabo\/wp-json\/wp\/v2\/posts"}],"about":[{"href":"https:\/\/blogs.correiobraziliense.com.br\/lianasabo\/wp-json\/wp\/v2\/types\/post"}],"author":[{"embeddable":true,"href":"https:\/\/blogs.correiobraziliense.com.br\/lianasabo\/wp-json\/wp\/v2\/users\/54"}],"replies":[{"embeddable":true,"href":"https:\/\/blogs.correiobraziliense.com.br\/lianasabo\/wp-json\/wp\/v2\/comments?post=6123"}],"version-history":[{"count":1,"href":"https:\/\/blogs.correiobraziliense.com.br\/lianasabo\/wp-json\/wp\/v2\/posts\/6123\/revisions"}],"predecessor-version":[{"id":6128,"href":"https:\/\/blogs.correiobraziliense.com.br\/lianasabo\/wp-json\/wp\/v2\/posts\/6123\/revisions\/6128"}],"wp:featuredmedia":[{"embeddable":true,"href":"https:\/\/blogs.correiobraziliense.com.br\/lianasabo\/wp-json\/wp\/v2\/media\/6127"}],"wp:attachment":[{"href":"https:\/\/blogs.correiobraziliense.com.br\/lianasabo\/wp-json\/wp\/v2\/media?parent=6123"}],"wp:term":[{"taxonomy":"category","embeddable":true,"href":"https:\/\/blogs.correiobraziliense.com.br\/lianasabo\/wp-json\/wp\/v2\/categories?post=6123"},{"taxonomy":"post_tag","embeddable":true,"href":"https:\/\/blogs.correiobraziliense.com.br\/lianasabo\/wp-json\/wp\/v2\/tags?post=6123"}],"curies":[{"name":"wp","href":"https:\/\/api.w.org\/{rel}","templated":true}]}}