{"id":6119,"date":"2022-09-02T08:58:19","date_gmt":"2022-09-02T11:58:19","guid":{"rendered":"https:\/\/blogs.correiobraziliense.com.br\/lianasabo\/?p=6119"},"modified":"2022-09-02T09:06:57","modified_gmt":"2022-09-02T12:06:57","slug":"mulheres-se-destacam-na-programacao-gastronomica-em-evento-no-ccbb","status":"publish","type":"post","link":"https:\/\/blogs.correiobraziliense.com.br\/lianasabo\/mulheres-se-destacam-na-programacao-gastronomica-em-evento-no-ccbb\/","title":{"rendered":"Mulheres se destacam na programa\u00e7\u00e3o gastron\u00f4mica de evento no CCBB"},"content":{"rendered":"<p>Stella Artois, a cerveja de baixa fermenta\u00e7\u00e3o de origem belga, que tem nome feminino, protagoniza neste fim de semana um superevento 100% liderado por mulheres. Trata-se da Villa Stella Artois, a ter lugar s\u00e1bado (3\/9) e domingo (4) no Quintal CCBB, onde oferece m\u00fasica, gastronomia e algumas op\u00e7\u00f5es de comprinhas de arte, livros, flores e plantas.<\/p>\n<figure id=\"attachment_5117\" aria-describedby=\"caption-attachment-5117\" style=\"width: 300px\" class=\"wp-caption alignleft\"><a href=\"https:\/\/blogs.correiobraziliense.com.br\/lianasabo\/wp-content\/uploads\/sites\/25\/2021\/11\/mara_1200.jpeg\"><img loading=\"lazy\" decoding=\"async\" class=\"size-medium wp-image-5117\" src=\"https:\/\/blogs.correiobraziliense.com.br\/lianasabo\/wp-content\/uploads\/sites\/25\/2021\/11\/mara_1200-300x163.jpeg\" alt=\"\" width=\"300\" height=\"163\" srcset=\"https:\/\/blogs.correiobraziliense.com.br\/lianasabo\/wp-content\/uploads\/sites\/25\/2021\/11\/mara_1200-300x163.jpeg 300w, https:\/\/blogs.correiobraziliense.com.br\/lianasabo\/wp-content\/uploads\/sites\/25\/2021\/11\/mara_1200-768x416.jpeg 768w, https:\/\/blogs.correiobraziliense.com.br\/lianasabo\/wp-content\/uploads\/sites\/25\/2021\/11\/mara_1200-1024x555.jpeg 1024w, https:\/\/blogs.correiobraziliense.com.br\/lianasabo\/wp-content\/uploads\/sites\/25\/2021\/11\/mara_1200-800x433.jpeg 800w, https:\/\/blogs.correiobraziliense.com.br\/lianasabo\/wp-content\/uploads\/sites\/25\/2021\/11\/mara_1200-550x298.jpeg 550w, https:\/\/blogs.correiobraziliense.com.br\/lianasabo\/wp-content\/uploads\/sites\/25\/2021\/11\/mara_1200-230x125.jpeg 230w, https:\/\/blogs.correiobraziliense.com.br\/lianasabo\/wp-content\/uploads\/sites\/25\/2021\/11\/mara_1200.jpeg 1200w\" sizes=\"auto, (max-width: 300px) 100vw, 300px\" \/><\/a><figcaption id=\"caption-attachment-5117\" class=\"wp-caption-text\">No card\u00e1pio, pratos da chef Mara Alcamin. Cr\u00e9dito: Arquivo pessoal<\/figcaption><\/figure>\n<p>A partir das 12h e at\u00e9 as 22h, voc\u00ea vai poder escolher entre o card\u00e1pio de Mara Alcamim, que vir\u00e1 especialmente da Chapada para cozinhar, o da Cozinha com Afeto, da Babi Fraz\u00e3o e o da Teta Cheese, primeiro bar de queijo liderado por Marina Cavecchia.<\/p>\n<p>As chefs Leninha Camargo e Raquel Amaral tamb\u00e9m estar\u00e3o presentes, al\u00e9m de Julia Losada com menu vegano. A sobremesa ficar por conta de Duda Patriota, do Pat\u00f3 Cafeteria, e de Alice Ara\u00fajo, da Cozinha Alice. Os pratos saem, no m\u00e1ximo, por R$ 50 e o ingresso por R$ 30 pode ser adquirido no site da <a href=\"https:\/\/www.sympla.com.br\/evento\/villa-stella-artois-2022-brasilia\/1680033?lang=PT\">Sympla<\/a>.<\/p>\n","protected":false},"excerpt":{"rendered":"<p>Stella Artois, a cerveja de baixa fermenta\u00e7\u00e3o de origem belga, que tem nome feminino, protagoniza neste fim de semana um superevento 100% liderado por mulheres. Trata-se da Villa Stella Artois, a ter lugar s\u00e1bado (3\/9) e domingo (4) no Quintal CCBB, onde oferece m\u00fasica, gastronomia e algumas op\u00e7\u00f5es de comprinhas de arte, livros, flores e plantas. A partir das 12h [&hellip;]<\/p>\n","protected":false},"author":54,"featured_media":6120,"comment_status":"open","ping_status":"open","sticky":false,"template":"","format":"standard","meta":{"footnotes":""},"categories":[486],"tags":[563,562],"class_list":["post-6119","post","type-post","status-publish","format-standard","has-post-thumbnail","hentry","category-evento","tag-quintal-ccbb","tag-villa-stella"],"_links":{"self":[{"href":"https:\/\/blogs.correiobraziliense.com.br\/lianasabo\/wp-json\/wp\/v2\/posts\/6119","targetHints":{"allow":["GET"]}}],"collection":[{"href":"https:\/\/blogs.correiobraziliense.com.br\/lianasabo\/wp-json\/wp\/v2\/posts"}],"about":[{"href":"https:\/\/blogs.correiobraziliense.com.br\/lianasabo\/wp-json\/wp\/v2\/types\/post"}],"author":[{"embeddable":true,"href":"https:\/\/blogs.correiobraziliense.com.br\/lianasabo\/wp-json\/wp\/v2\/users\/54"}],"replies":[{"embeddable":true,"href":"https:\/\/blogs.correiobraziliense.com.br\/lianasabo\/wp-json\/wp\/v2\/comments?post=6119"}],"version-history":[{"count":4,"href":"https:\/\/blogs.correiobraziliense.com.br\/lianasabo\/wp-json\/wp\/v2\/posts\/6119\/revisions"}],"predecessor-version":[{"id":6130,"href":"https:\/\/blogs.correiobraziliense.com.br\/lianasabo\/wp-json\/wp\/v2\/posts\/6119\/revisions\/6130"}],"wp:featuredmedia":[{"embeddable":true,"href":"https:\/\/blogs.correiobraziliense.com.br\/lianasabo\/wp-json\/wp\/v2\/media\/6120"}],"wp:attachment":[{"href":"https:\/\/blogs.correiobraziliense.com.br\/lianasabo\/wp-json\/wp\/v2\/media?parent=6119"}],"wp:term":[{"taxonomy":"category","embeddable":true,"href":"https:\/\/blogs.correiobraziliense.com.br\/lianasabo\/wp-json\/wp\/v2\/categories?post=6119"},{"taxonomy":"post_tag","embeddable":true,"href":"https:\/\/blogs.correiobraziliense.com.br\/lianasabo\/wp-json\/wp\/v2\/tags?post=6119"}],"curies":[{"name":"wp","href":"https:\/\/api.w.org\/{rel}","templated":true}]}}