{"id":6109,"date":"2022-08-30T06:44:30","date_gmt":"2022-08-30T09:44:30","guid":{"rendered":"https:\/\/blogs.correiobraziliense.com.br\/lianasabo\/?p=6109"},"modified":"2022-08-30T07:17:26","modified_gmt":"2022-08-30T10:17:26","slug":"seminario-sobre-vinho-com-transmissao-gratuita-na-internet","status":"publish","type":"post","link":"https:\/\/blogs.correiobraziliense.com.br\/lianasabo\/seminario-sobre-vinho-com-transmissao-gratuita-na-internet\/","title":{"rendered":"Semin\u00e1rio sobre vinho com transmiss\u00e3o gratuita na internet"},"content":{"rendered":"<p>Dentro da programa\u00e7\u00e3o do Rio Wine and Food Festival, iniciado em 25 de agosto e que segue at\u00e9 4 de setembro no Rio de Janeiro, ocorrer\u00e1 o Semin\u00e1rio Vinho &amp; Mercado. Com entrada franca, o evento ter\u00e1 10 palestras e uma mesa redonda numa programa\u00e7\u00e3o de 8h30 \u00e0s 16h30 desta ter\u00e7a-feira (30\/8), no Audit\u00f3rio do Edif\u00edcio Argentina, em Botafogo.<\/p>\n<p>Quem n\u00e3o puder estar presente fisicamente, poder\u00e1 acompanhar tudo de forma remota com a transmiss\u00e3o gratuita pelo YouTube do Grupo BACO\u00a0(https:\/\/youtube.com\/c\/GrupoBaco).<\/p>\n<p>Marcelo Copello, s\u00f3cio diretor do Grupo BACO Multim\u00eddia, abre a programa\u00e7\u00e3o com a palestra \u201cUm giro no cen\u00e1rio atual do mercado de vinhos\u201d, enquanto o diretor do Grupo BACO, Sergio Queiroz, \u00e9 o mediador da mesa redonda \u201cO mercado de vinhos no cen\u00e1rio atual\u201d.<\/p>\n<p>Tamb\u00e9m participam nomes como Daniel Panizzi, presidente da UVIBRA (Uni\u00e3o Brasileira de Vitivinicultura), Ari Goronstein, s\u00f3cio fundador da Evino e Orlando Rodrigues, VP da BFBA (Associa\u00e7\u00e3o Brasileira dos Exportadores e Importadores de Alimentos e Bebidas).<\/p>\n<p><strong>Confira a programa\u00e7\u00e3o completa<\/strong><\/p>\n<p>9h \u2013 9h10 \u2013 Um giro no cen\u00e1rio atual do mercado de vinhos. Por Marcelo Copello, jornalista especialista em vinhos e s\u00f3cio-diretor do Grupo BACO Multim\u00eddia<\/p>\n<p>9h10 \u2013 9h30 \u2013 O excepcional momento do vinho brasileiro \u2013 cen\u00e1rios, perspectivas e n\u00fameros. Por Daniel Panizzi, presidente da UVIBRA<\/p>\n<p>9h30 \u2013 9h50 \u2013 O Mercado dos Vinhos no Brasil &#8211; O panorama do setor, ancorado por n\u00fameros, pesquisas e diretrizes das empresas. Por Orlando Rodrigues, s\u00f3cio da importadora Premium e VP da BFBA<\/p>\n<p>9h50 \u2013 10h20 \u2013 O Turismo do Vinho na Argentina. Por Claudio Gutierrez, C\u00f4nsul Geral da Argentina no Rio de Janeiro<\/p>\n<p>10h20 \u2013 10h50 \u2013\u201cVissimo\u201d &#8211; O novo gigante do mercado de vinhos, apresentando suas estrat\u00e9gias e vis\u00e3o de futuro com as marcas Grand Cru e Evino. A grande sinergia que nasce com a aquisi\u00e7\u00e3o da Grand Cru pela Evino, suas estrat\u00e9gias para expans\u00e3o e o que o mercado pode esperar deste superplayer. Por Ari Goronstein, s\u00f3cio fundador da Evino e atual CEO da V\u00edssimo.<\/p>\n<p>10h50 &#8211; 11h20 \u2013 Vinhos fora da legalidade. A triste realidade que assola o nosso pa\u00eds! Vinhos \u201cdescaminhados\u201d, vinhos falsificados, sonega\u00e7\u00e3o \u2013 n\u00fameros e dados. Por Luciano Stremel Barros, presidente do IDESF (Instituto de Desenvolvimento Econ\u00f4mico e Social de Fronteiras).<\/p>\n<p>11h20 &#8211; 12h &#8211; O mercado de bebidas no Brasil &#8211; Dados, n\u00fameros e oportunidades para o vinho. Por Thiago Torelli, l\u00edder da \u00e1rea de bebidas na Nielsen Brasil.<\/p>\n<p>14h &#8211; 14h30 \u2013 O fant\u00e1stico mundo das novas embalagens \u2013 As latas chegaram para ficar. Por Hugo Magalh\u00e3es, diretor de Mkt, Novos Neg\u00f3cios e Intelig\u00eancia de Mercado para Am\u00e9rica do Sul &#8211; BALL.<\/p>\n<p>14h30 \u2013 15h &#8211; TORO LOCO, um dos maiores grandes &#8220;cases &#8220;de todos os tempos. Por Benoit Valerie Calvet, presidente e fundador da BVC, propriet\u00e1rio da Toro Loco<\/p>\n<p>15h \u2013 15h30 \u2013 O mercado dos importados no Brasil, perspectivas e entraves. Por Adilson Carvalhal Junior, presidente do Conselho da BFBA<\/p>\n<p>15h30 \u2013 16h10 \u2013 MESA REDONDA: O mercado de vinhos no cen\u00e1rio atual<\/p>\n<p>Alta de consumo x taxa\u00e7\u00f5es e impostos; problemas nas fronteiras x informa\u00e7\u00e3o de qualidade; Impactos da nova lei do vinho. Media\u00e7\u00e3o: S\u00e9rgio Queiroz, diretor do Grupo BACO<\/p>\n","protected":false},"excerpt":{"rendered":"<p>Dentro da programa\u00e7\u00e3o do Rio Wine and Food Festival, iniciado em 25 de agosto e que segue at\u00e9 4 de setembro no Rio de Janeiro, ocorrer\u00e1 o Semin\u00e1rio Vinho &amp; Mercado. Com entrada franca, o evento ter\u00e1 10 palestras e uma mesa redonda numa programa\u00e7\u00e3o de 8h30 \u00e0s 16h30 desta ter\u00e7a-feira (30\/8), no Audit\u00f3rio do Edif\u00edcio Argentina, em Botafogo. Quem [&hellip;]<\/p>\n","protected":false},"author":54,"featured_media":6110,"comment_status":"open","ping_status":"open","sticky":false,"template":"","format":"standard","meta":{"footnotes":""},"categories":[222],"tags":[425],"class_list":["post-6109","post","type-post","status-publish","format-standard","has-post-thumbnail","hentry","category-vinhos","tag-vinhos"],"_links":{"self":[{"href":"https:\/\/blogs.correiobraziliense.com.br\/lianasabo\/wp-json\/wp\/v2\/posts\/6109","targetHints":{"allow":["GET"]}}],"collection":[{"href":"https:\/\/blogs.correiobraziliense.com.br\/lianasabo\/wp-json\/wp\/v2\/posts"}],"about":[{"href":"https:\/\/blogs.correiobraziliense.com.br\/lianasabo\/wp-json\/wp\/v2\/types\/post"}],"author":[{"embeddable":true,"href":"https:\/\/blogs.correiobraziliense.com.br\/lianasabo\/wp-json\/wp\/v2\/users\/54"}],"replies":[{"embeddable":true,"href":"https:\/\/blogs.correiobraziliense.com.br\/lianasabo\/wp-json\/wp\/v2\/comments?post=6109"}],"version-history":[{"count":3,"href":"https:\/\/blogs.correiobraziliense.com.br\/lianasabo\/wp-json\/wp\/v2\/posts\/6109\/revisions"}],"predecessor-version":[{"id":6113,"href":"https:\/\/blogs.correiobraziliense.com.br\/lianasabo\/wp-json\/wp\/v2\/posts\/6109\/revisions\/6113"}],"wp:featuredmedia":[{"embeddable":true,"href":"https:\/\/blogs.correiobraziliense.com.br\/lianasabo\/wp-json\/wp\/v2\/media\/6110"}],"wp:attachment":[{"href":"https:\/\/blogs.correiobraziliense.com.br\/lianasabo\/wp-json\/wp\/v2\/media?parent=6109"}],"wp:term":[{"taxonomy":"category","embeddable":true,"href":"https:\/\/blogs.correiobraziliense.com.br\/lianasabo\/wp-json\/wp\/v2\/categories?post=6109"},{"taxonomy":"post_tag","embeddable":true,"href":"https:\/\/blogs.correiobraziliense.com.br\/lianasabo\/wp-json\/wp\/v2\/tags?post=6109"}],"curies":[{"name":"wp","href":"https:\/\/api.w.org\/{rel}","templated":true}]}}