{"id":6095,"date":"2022-08-26T06:33:21","date_gmt":"2022-08-26T09:33:21","guid":{"rendered":"https:\/\/blogs.correiobraziliense.com.br\/lianasabo\/?p=6095"},"modified":"2022-08-25T22:39:00","modified_gmt":"2022-08-26T01:39:00","slug":"chefs-luiz-trigo-e-rodrigo-sanchez-se-juntam-em-nova-casa","status":"publish","type":"post","link":"https:\/\/blogs.correiobraziliense.com.br\/lianasabo\/chefs-luiz-trigo-e-rodrigo-sanchez-se-juntam-em-nova-casa\/","title":{"rendered":"Chefs Luiz Trigo e Rodrigo Sanchez se juntam em nova casa"},"content":{"rendered":"<p>Os in\u00fameros f\u00e3s da gastronomia de Luiz Trigo, oferecida nos fins de semana na Quituart, n\u00e3o perdem por esperar. \u201cDaqui dois meses ser\u00e1 aberto o segundo Le Birosque com um card\u00e1pio mais amplo, que dar\u00e1 lugar ao arroz de pato \u00e0 moda alentejana, \u00edcone do I Maestri do chef Rodrigo Sanchez, meu s\u00f3cio no novo Le Birosque\u201d, anuncia Trigo. Com previs\u00e3o para 120 lugares, o restaurante da dupla, que j\u00e1 trabalha junto no Grupo Rock`s, vai ocupar o espa\u00e7o do antigo Parrilla Burger na 408 Sul com menu \u00e0 base de pasta e carne su\u00edna, como o Prime Duroc com ervas frescas e creme de batata e alho.<\/p>\n","protected":false},"excerpt":{"rendered":"<p>Os in\u00fameros f\u00e3s da gastronomia de Luiz Trigo, oferecida nos fins de semana na Quituart, n\u00e3o perdem por esperar. \u201cDaqui dois meses ser\u00e1 aberto o segundo Le Birosque com um card\u00e1pio mais amplo, que dar\u00e1 lugar ao arroz de pato \u00e0 moda alentejana, \u00edcone do I Maestri do chef Rodrigo Sanchez, meu s\u00f3cio no novo Le Birosque\u201d, anuncia Trigo. Com [&hellip;]<\/p>\n","protected":false},"author":54,"featured_media":6096,"comment_status":"open","ping_status":"open","sticky":false,"template":"","format":"standard","meta":{"footnotes":""},"categories":[1],"tags":[],"class_list":["post-6095","post","type-post","status-publish","format-standard","has-post-thumbnail","hentry","category-sem-categoria"],"_links":{"self":[{"href":"https:\/\/blogs.correiobraziliense.com.br\/lianasabo\/wp-json\/wp\/v2\/posts\/6095","targetHints":{"allow":["GET"]}}],"collection":[{"href":"https:\/\/blogs.correiobraziliense.com.br\/lianasabo\/wp-json\/wp\/v2\/posts"}],"about":[{"href":"https:\/\/blogs.correiobraziliense.com.br\/lianasabo\/wp-json\/wp\/v2\/types\/post"}],"author":[{"embeddable":true,"href":"https:\/\/blogs.correiobraziliense.com.br\/lianasabo\/wp-json\/wp\/v2\/users\/54"}],"replies":[{"embeddable":true,"href":"https:\/\/blogs.correiobraziliense.com.br\/lianasabo\/wp-json\/wp\/v2\/comments?post=6095"}],"version-history":[{"count":1,"href":"https:\/\/blogs.correiobraziliense.com.br\/lianasabo\/wp-json\/wp\/v2\/posts\/6095\/revisions"}],"predecessor-version":[{"id":6097,"href":"https:\/\/blogs.correiobraziliense.com.br\/lianasabo\/wp-json\/wp\/v2\/posts\/6095\/revisions\/6097"}],"wp:featuredmedia":[{"embeddable":true,"href":"https:\/\/blogs.correiobraziliense.com.br\/lianasabo\/wp-json\/wp\/v2\/media\/6096"}],"wp:attachment":[{"href":"https:\/\/blogs.correiobraziliense.com.br\/lianasabo\/wp-json\/wp\/v2\/media?parent=6095"}],"wp:term":[{"taxonomy":"category","embeddable":true,"href":"https:\/\/blogs.correiobraziliense.com.br\/lianasabo\/wp-json\/wp\/v2\/categories?post=6095"},{"taxonomy":"post_tag","embeddable":true,"href":"https:\/\/blogs.correiobraziliense.com.br\/lianasabo\/wp-json\/wp\/v2\/tags?post=6095"}],"curies":[{"name":"wp","href":"https:\/\/api.w.org\/{rel}","templated":true}]}}