{"id":6075,"date":"2022-08-19T06:30:45","date_gmt":"2022-08-19T09:30:45","guid":{"rendered":"https:\/\/blogs.correiobraziliense.com.br\/lianasabo\/?p=6075"},"modified":"2022-08-18T22:32:22","modified_gmt":"2022-08-19T01:32:22","slug":"marie-cuisine-na-casa-cor","status":"publish","type":"post","link":"https:\/\/blogs.correiobraziliense.com.br\/lianasabo\/marie-cuisine-na-casa-cor\/","title":{"rendered":"Marie Cuisine na Casa Cor"},"content":{"rendered":"<p>Cassoulet, entrec\u00f4te e coq au vin v\u00e3o fazer parte do menu do Marie Cuisine, presente na edi\u00e7\u00e3o comemorativa dos 30 anos da Casa Cor, mostra de arquitetura, decora\u00e7\u00e3o e design que este ano ter\u00e1 lugar na Arena BRB, ex- Man\u00e9 Garrincha, no per\u00edodo de 3 de setembro a 2 de novembro. Localizado na 103 Sul, o restaurante de culin\u00e1ria franco-italiana integra o grupo Famiglia Pap\u00e0, que conta com Pap\u00e0 Cucina e Babbo Osteria, sob o comando de Carlos Rodrigues, o Carl\u00e3o.<\/p>\n","protected":false},"excerpt":{"rendered":"<p>Cassoulet, entrec\u00f4te e coq au vin v\u00e3o fazer parte do menu do Marie Cuisine, presente na edi\u00e7\u00e3o comemorativa dos 30 anos da Casa Cor, mostra de arquitetura, decora\u00e7\u00e3o e design que este ano ter\u00e1 lugar na Arena BRB, ex- Man\u00e9 Garrincha, no per\u00edodo de 3 de setembro a 2 de novembro. Localizado na 103 Sul, o restaurante de culin\u00e1ria franco-italiana [&hellip;]<\/p>\n","protected":false},"author":54,"featured_media":6077,"comment_status":"open","ping_status":"open","sticky":false,"template":"","format":"standard","meta":{"footnotes":""},"categories":[486],"tags":[558,382],"class_list":["post-6075","post","type-post","status-publish","format-standard","has-post-thumbnail","hentry","category-evento","tag-casa-cor","tag-marie-cuisine"],"_links":{"self":[{"href":"https:\/\/blogs.correiobraziliense.com.br\/lianasabo\/wp-json\/wp\/v2\/posts\/6075","targetHints":{"allow":["GET"]}}],"collection":[{"href":"https:\/\/blogs.correiobraziliense.com.br\/lianasabo\/wp-json\/wp\/v2\/posts"}],"about":[{"href":"https:\/\/blogs.correiobraziliense.com.br\/lianasabo\/wp-json\/wp\/v2\/types\/post"}],"author":[{"embeddable":true,"href":"https:\/\/blogs.correiobraziliense.com.br\/lianasabo\/wp-json\/wp\/v2\/users\/54"}],"replies":[{"embeddable":true,"href":"https:\/\/blogs.correiobraziliense.com.br\/lianasabo\/wp-json\/wp\/v2\/comments?post=6075"}],"version-history":[{"count":1,"href":"https:\/\/blogs.correiobraziliense.com.br\/lianasabo\/wp-json\/wp\/v2\/posts\/6075\/revisions"}],"predecessor-version":[{"id":6076,"href":"https:\/\/blogs.correiobraziliense.com.br\/lianasabo\/wp-json\/wp\/v2\/posts\/6075\/revisions\/6076"}],"wp:featuredmedia":[{"embeddable":true,"href":"https:\/\/blogs.correiobraziliense.com.br\/lianasabo\/wp-json\/wp\/v2\/media\/6077"}],"wp:attachment":[{"href":"https:\/\/blogs.correiobraziliense.com.br\/lianasabo\/wp-json\/wp\/v2\/media?parent=6075"}],"wp:term":[{"taxonomy":"category","embeddable":true,"href":"https:\/\/blogs.correiobraziliense.com.br\/lianasabo\/wp-json\/wp\/v2\/categories?post=6075"},{"taxonomy":"post_tag","embeddable":true,"href":"https:\/\/blogs.correiobraziliense.com.br\/lianasabo\/wp-json\/wp\/v2\/tags?post=6075"}],"curies":[{"name":"wp","href":"https:\/\/api.w.org\/{rel}","templated":true}]}}