{"id":6072,"date":"2022-08-19T06:28:40","date_gmt":"2022-08-19T09:28:40","guid":{"rendered":"https:\/\/blogs.correiobraziliense.com.br\/lianasabo\/?p=6072"},"modified":"2022-08-18T22:32:56","modified_gmt":"2022-08-19T01:32:56","slug":"costelao-do-bem","status":"publish","type":"post","link":"https:\/\/blogs.correiobraziliense.com.br\/lianasabo\/costelao-do-bem\/","title":{"rendered":"Costel\u00e3o do bem"},"content":{"rendered":"<p>A Comunidade Evang\u00e9lica de Confiss\u00e3o Luterana de Bras\u00edlia (CECLB), conhecida pela qualidade da mesa beneficente, retoma, depois de dois anos, evento presencial com a realiza\u00e7\u00e3o no domingo 28, do 15\u00ba Costel\u00e3o Ga\u00facho, iguaria de carne bovina assada lentamente no fogo de ch\u00e3o, no estilo consagrado nos pampas do Rio Grande do Sul. Ser\u00e1 servido acompanhado de feij\u00e3o tropeiro, mandioca, arroz e salada, a partir das 12h na EQS 405\/406 Sul. Sai por R$ 45 adultos e R$ 22, crian\u00e7as de 7 a 12 anos. Haver\u00e1 ainda venda de bebidas, cucas, sobremesas, al\u00e9m de um bazar de variedades. Reservas dever\u00e3o ser feitas at\u00e9 domingo, 21 pelo telefone 98568-2020.<\/p>\n","protected":false},"excerpt":{"rendered":"<p>A Comunidade Evang\u00e9lica de Confiss\u00e3o Luterana de Bras\u00edlia (CECLB), conhecida pela qualidade da mesa beneficente, retoma, depois de dois anos, evento presencial com a realiza\u00e7\u00e3o no domingo 28, do 15\u00ba Costel\u00e3o Ga\u00facho, iguaria de carne bovina assada lentamente no fogo de ch\u00e3o, no estilo consagrado nos pampas do Rio Grande do Sul. Ser\u00e1 servido acompanhado de feij\u00e3o tropeiro, mandioca, arroz [&hellip;]<\/p>\n","protected":false},"author":54,"featured_media":6073,"comment_status":"open","ping_status":"open","sticky":false,"template":"","format":"standard","meta":{"footnotes":""},"categories":[486],"tags":[557],"class_list":["post-6072","post","type-post","status-publish","format-standard","has-post-thumbnail","hentry","category-evento","tag-costelao"],"_links":{"self":[{"href":"https:\/\/blogs.correiobraziliense.com.br\/lianasabo\/wp-json\/wp\/v2\/posts\/6072","targetHints":{"allow":["GET"]}}],"collection":[{"href":"https:\/\/blogs.correiobraziliense.com.br\/lianasabo\/wp-json\/wp\/v2\/posts"}],"about":[{"href":"https:\/\/blogs.correiobraziliense.com.br\/lianasabo\/wp-json\/wp\/v2\/types\/post"}],"author":[{"embeddable":true,"href":"https:\/\/blogs.correiobraziliense.com.br\/lianasabo\/wp-json\/wp\/v2\/users\/54"}],"replies":[{"embeddable":true,"href":"https:\/\/blogs.correiobraziliense.com.br\/lianasabo\/wp-json\/wp\/v2\/comments?post=6072"}],"version-history":[{"count":1,"href":"https:\/\/blogs.correiobraziliense.com.br\/lianasabo\/wp-json\/wp\/v2\/posts\/6072\/revisions"}],"predecessor-version":[{"id":6074,"href":"https:\/\/blogs.correiobraziliense.com.br\/lianasabo\/wp-json\/wp\/v2\/posts\/6072\/revisions\/6074"}],"wp:featuredmedia":[{"embeddable":true,"href":"https:\/\/blogs.correiobraziliense.com.br\/lianasabo\/wp-json\/wp\/v2\/media\/6073"}],"wp:attachment":[{"href":"https:\/\/blogs.correiobraziliense.com.br\/lianasabo\/wp-json\/wp\/v2\/media?parent=6072"}],"wp:term":[{"taxonomy":"category","embeddable":true,"href":"https:\/\/blogs.correiobraziliense.com.br\/lianasabo\/wp-json\/wp\/v2\/categories?post=6072"},{"taxonomy":"post_tag","embeddable":true,"href":"https:\/\/blogs.correiobraziliense.com.br\/lianasabo\/wp-json\/wp\/v2\/tags?post=6072"}],"curies":[{"name":"wp","href":"https:\/\/api.w.org\/{rel}","templated":true}]}}