{"id":6055,"date":"2022-08-12T06:55:07","date_gmt":"2022-08-12T09:55:07","guid":{"rendered":"https:\/\/blogs.correiobraziliense.com.br\/lianasabo\/?p=6055"},"modified":"2022-08-11T23:06:44","modified_gmt":"2022-08-12T02:06:44","slug":"onze-opcoes-gastronomicas-para-celebrar-o-dia-dos-pais-em-brasilia","status":"publish","type":"post","link":"https:\/\/blogs.correiobraziliense.com.br\/lianasabo\/onze-opcoes-gastronomicas-para-celebrar-o-dia-dos-pais-em-brasilia\/","title":{"rendered":"Onze op\u00e7\u00f5es gastron\u00f4micas para celebrar o Dia dos Pais em Bras\u00edlia"},"content":{"rendered":"<p><em>O Dia dos Pais est\u00e1 quase chegando, se voc\u00ea ainda n\u00e3o definiu como ser\u00e1 a celebra\u00e7\u00e3o em fam\u00edlia, o blog da Liana Sabo traz uma sele\u00e7\u00e3o com 11 op\u00e7\u00f5es gastron\u00f4micas para comemorar a data com o patriarca. Confira!<\/em><\/p>\n<p><strong>Celebra\u00e7\u00e3o no hotel<\/strong><\/p>\n<figure id=\"attachment_6056\" aria-describedby=\"caption-attachment-6056\" style=\"width: 750px\" class=\"wp-caption aligncenter\"><a href=\"https:\/\/blogs.correiobraziliense.com.br\/lianasabo\/wp-content\/uploads\/sites\/25\/2022\/08\/unnamed-3.jpg\"><img loading=\"lazy\" decoding=\"async\" class=\"wp-image-6056 size-full\" src=\"https:\/\/blogs.correiobraziliense.com.br\/lianasabo\/wp-content\/uploads\/sites\/25\/2022\/08\/unnamed-3.jpg\" alt=\"\" width=\"750\" height=\"499\" srcset=\"https:\/\/blogs.correiobraziliense.com.br\/lianasabo\/wp-content\/uploads\/sites\/25\/2022\/08\/unnamed-3.jpg 750w, https:\/\/blogs.correiobraziliense.com.br\/lianasabo\/wp-content\/uploads\/sites\/25\/2022\/08\/unnamed-3-300x200.jpg 300w, https:\/\/blogs.correiobraziliense.com.br\/lianasabo\/wp-content\/uploads\/sites\/25\/2022\/08\/unnamed-3-550x366.jpg 550w, https:\/\/blogs.correiobraziliense.com.br\/lianasabo\/wp-content\/uploads\/sites\/25\/2022\/08\/unnamed-3-230x153.jpg 230w\" sizes=\"auto, (max-width: 750px) 100vw, 750px\" \/><\/a><figcaption id=\"caption-attachment-6056\" class=\"wp-caption-text\">Windsor Bras\u00edlia\/Divulga\u00e7\u00e3o<\/figcaption><\/figure>\n<p>Os hot\u00e9is Windsor Bras\u00edlia (SHN Quadra 01 &#8211; Conj. A \u2013 Bl. A) e Windsor Plaza Bras\u00edlia (SHS Qd 05 BI. H) ter\u00e3o servi\u00e7os de buf\u00ea para o almo\u00e7o do Dia dos Pais. O menu \u00e0 la carte conta com mix de folhas com palmito, p\u00eassego grelhado e azeite aromatizado (R$ 48) e creme de mandioca com embutidos defumados (R$ 58) como op\u00e7\u00f5es de entrada. Entre os pratos principais, os clientes podem optar por picanha grelhada, arroz \u00e0 piamontese e batatas saut\u00e9 (R$ 86) e ravi\u00f3li de funghi com molho de tomate (R$ 58). Para ado\u00e7ar o dia, a escolha fica entre brownie de chocolate e nozes com sorvete (R$ 28), torta de lim\u00e3o (R$ 26) e pudim de caf\u00e9 (R$ 24). Funcionamento das 12h30 \u00e0s 15h30.<\/p>\n<p><strong>Tr\u00eas etapas<\/strong><\/p>\n<figure id=\"attachment_6057\" aria-describedby=\"caption-attachment-6057\" style=\"width: 800px\" class=\"wp-caption aligncenter\"><a href=\"https:\/\/blogs.correiobraziliense.com.br\/lianasabo\/wp-content\/uploads\/sites\/25\/2022\/08\/Lejardin-120.jpg\"><img loading=\"lazy\" decoding=\"async\" class=\"size-full wp-image-6057\" src=\"https:\/\/blogs.correiobraziliense.com.br\/lianasabo\/wp-content\/uploads\/sites\/25\/2022\/08\/Lejardin-120.jpg\" alt=\"\" width=\"800\" height=\"534\" srcset=\"https:\/\/blogs.correiobraziliense.com.br\/lianasabo\/wp-content\/uploads\/sites\/25\/2022\/08\/Lejardin-120.jpg 800w, https:\/\/blogs.correiobraziliense.com.br\/lianasabo\/wp-content\/uploads\/sites\/25\/2022\/08\/Lejardin-120-300x200.jpg 300w, https:\/\/blogs.correiobraziliense.com.br\/lianasabo\/wp-content\/uploads\/sites\/25\/2022\/08\/Lejardin-120-768x513.jpg 768w, https:\/\/blogs.correiobraziliense.com.br\/lianasabo\/wp-content\/uploads\/sites\/25\/2022\/08\/Lejardin-120-550x367.jpg 550w, https:\/\/blogs.correiobraziliense.com.br\/lianasabo\/wp-content\/uploads\/sites\/25\/2022\/08\/Lejardin-120-230x154.jpg 230w\" sizes=\"auto, (max-width: 800px) 100vw, 800px\" \/><\/a><figcaption id=\"caption-attachment-6057\" class=\"wp-caption-text\">Cr\u00e9dito: Gui Teixeira\/Divulga\u00e7\u00e3o<\/figcaption><\/figure>\n<p>O Le Jardin Bistrot (CLSW 301 &#8211; Edif\u00edcio Espa\u00e7o Vip, Sudoeste; SEPS 708\/907) contar\u00e1 com um menu exclusivo no valor de R$ 89 com tr\u00eas etapas e tr\u00eas op\u00e7\u00f5es de prato principal, para atender bem os mais variados gostos. A entrada ser\u00e1 a salada Paris, uma das mais pedidas da casa. J\u00e1 as op\u00e7\u00f5es de prato principal s\u00e3o o boeuf bourguignon com pur\u00ea, bacon e cogumelos; o peixe ao molho de leite de coco com pur\u00ea de alho assado; e o risoto de tomate, cogumelos org\u00e2nicos, vagem e pesto. Os lugares dispon\u00edveis s\u00e3o limitados reserve pelo telefone (61) 99988-0012.<\/p>\n<p><strong>Churrasco de cordeiro<\/strong><\/p>\n<figure id=\"attachment_6058\" aria-describedby=\"caption-attachment-6058\" style=\"width: 800px\" class=\"wp-caption aligncenter\"><a href=\"https:\/\/blogs.correiobraziliense.com.br\/lianasabo\/wp-content\/uploads\/sites\/25\/2022\/08\/Pernil-de-carneiro-inteiro_Greta-Divulga\u00e7\u00e3o.jpg\"><img loading=\"lazy\" decoding=\"async\" class=\"size-full wp-image-6058\" src=\"https:\/\/blogs.correiobraziliense.com.br\/lianasabo\/wp-content\/uploads\/sites\/25\/2022\/08\/Pernil-de-carneiro-inteiro_Greta-Divulga\u00e7\u00e3o.jpg\" alt=\"\" width=\"800\" height=\"641\" srcset=\"https:\/\/blogs.correiobraziliense.com.br\/lianasabo\/wp-content\/uploads\/sites\/25\/2022\/08\/Pernil-de-carneiro-inteiro_Greta-Divulga\u00e7\u00e3o.jpg 800w, https:\/\/blogs.correiobraziliense.com.br\/lianasabo\/wp-content\/uploads\/sites\/25\/2022\/08\/Pernil-de-carneiro-inteiro_Greta-Divulga\u00e7\u00e3o-300x240.jpg 300w, https:\/\/blogs.correiobraziliense.com.br\/lianasabo\/wp-content\/uploads\/sites\/25\/2022\/08\/Pernil-de-carneiro-inteiro_Greta-Divulga\u00e7\u00e3o-768x615.jpg 768w, https:\/\/blogs.correiobraziliense.com.br\/lianasabo\/wp-content\/uploads\/sites\/25\/2022\/08\/Pernil-de-carneiro-inteiro_Greta-Divulga\u00e7\u00e3o-550x441.jpg 550w, https:\/\/blogs.correiobraziliense.com.br\/lianasabo\/wp-content\/uploads\/sites\/25\/2022\/08\/Pernil-de-carneiro-inteiro_Greta-Divulga\u00e7\u00e3o-230x184.jpg 230w\" sizes=\"auto, (max-width: 800px) 100vw, 800px\" \/><\/a><figcaption id=\"caption-attachment-6058\" class=\"wp-caption-text\">Pernil de carneiro inteiro. Cr\u00e9dito: Greta\/Divulga\u00e7\u00e3o<\/figcaption><\/figure>\n<p>O primeiro Dia dos Pais do restaurante Greta (QI 9, Bl. A, Lj. 18 &#8211; Lago Sul), casa comandada pelos chefs Edu Reis e Matheus Grilo, ter\u00e1 churrasco fogo de ch\u00e3o com cordeiro e dose dupla de chope (R$ 11,90, das 12h \u00e0s 16h). A pe\u00e7a inteira do pernil de cordeiro \u00e9 servida com tr\u00eas acompanhamentos escolhidos pelo cliente (batata frita, arroz branco, cuscuz marroquino, vegetais grelhados, vinagrete de melancia e manga, e arroz pilaf). O prato serve at\u00e9 cinco pessoas e custa R$ 425. A vers\u00e3o individual \u00e9 acompanhada de arroz pilaf, legumes e tzatziki &#8211; molho grego com base de iogurte e pepino &#8211; (R$ 89). Funcionamento no domingo, das 12h \u00e0s 17h.<\/p>\n<figure id=\"attachment_6060\" aria-describedby=\"caption-attachment-6060\" style=\"width: 240px\" class=\"wp-caption alignright\"><a href=\"https:\/\/blogs.correiobraziliense.com.br\/lianasabo\/wp-content\/uploads\/sites\/25\/2022\/08\/unnamed-4.jpg\"><img loading=\"lazy\" decoding=\"async\" class=\"size-medium wp-image-6060\" src=\"https:\/\/blogs.correiobraziliense.com.br\/lianasabo\/wp-content\/uploads\/sites\/25\/2022\/08\/unnamed-4-240x300.jpg\" alt=\"\" width=\"240\" height=\"300\" srcset=\"https:\/\/blogs.correiobraziliense.com.br\/lianasabo\/wp-content\/uploads\/sites\/25\/2022\/08\/unnamed-4-240x300.jpg 240w, https:\/\/blogs.correiobraziliense.com.br\/lianasabo\/wp-content\/uploads\/sites\/25\/2022\/08\/unnamed-4-768x960.jpg 768w, https:\/\/blogs.correiobraziliense.com.br\/lianasabo\/wp-content\/uploads\/sites\/25\/2022\/08\/unnamed-4.jpg 800w, https:\/\/blogs.correiobraziliense.com.br\/lianasabo\/wp-content\/uploads\/sites\/25\/2022\/08\/unnamed-4-550x688.jpg 550w, https:\/\/blogs.correiobraziliense.com.br\/lianasabo\/wp-content\/uploads\/sites\/25\/2022\/08\/unnamed-4-230x288.jpg 230w\" sizes=\"auto, (max-width: 240px) 100vw, 240px\" \/><\/a><figcaption id=\"caption-attachment-6060\" class=\"wp-caption-text\">Cr\u00e9dito: A Mano\/Divulga\u00e7a\u00f5<\/figcaption><\/figure>\n<p><strong>Menu italiano<\/strong><\/p>\n<p>O restaurante &#8216;A Mano (CLS 411 Bl. D), sob o comando do chef Fernando Alonso, apresenta menu especial do Dia dos Pais. De entrada, duas op\u00e7\u00f5es: mil folhas de bacalhau na nata (R$ 59) e vieiras grelhadas servidas com espuma de parmes\u00e3o e finalizadas com tuille nero (R$ 89). J\u00e1 como prato principal, o chef separou o papardelle trufado artesanal ao funghi porccini e cubos de mignon (R$ 99) e o stinco de cordeiro ao seu pr\u00f3prio molho servido com taglioline de hortel\u00e3 (R$ 139). Para finalizar a experi\u00eancia, a sobremesa oferecida \u00e9 a mousse al cioccolato con riduzione di lambrusco condita con amarena gialla (R$ 39). Aberta de 12h \u00e0s 17h.<\/p>\n<p><strong>Frutos do mar<\/strong><\/p>\n<p>No restaurante Sagrado Mar (SHIS QI 17, bloco G, sala 201 \u2013 Ed. Fashion Park), a sugest\u00e3o para o Dia dos Pais \u00e9 o churrasco marinho composto por polvo, camar\u00e3o, lula, mexilh\u00e3o e peixe acompanhado de batata frita proven\u00e7al, vinagrete e arroz jardineira para duas pessoas ao valor de R$ 250. Aberto para almo\u00e7o das 12h \u00e0s 15h30.<\/p>\n<figure id=\"attachment_6059\" aria-describedby=\"caption-attachment-6059\" style=\"width: 200px\" class=\"wp-caption alignleft\"><a href=\"https:\/\/blogs.correiobraziliense.com.br\/lianasabo\/wp-content\/uploads\/sites\/25\/2022\/08\/unnamed-5.jpg\"><img loading=\"lazy\" decoding=\"async\" class=\"size-medium wp-image-6059\" src=\"https:\/\/blogs.correiobraziliense.com.br\/lianasabo\/wp-content\/uploads\/sites\/25\/2022\/08\/unnamed-5-200x300.jpg\" alt=\"\" width=\"200\" height=\"300\" srcset=\"https:\/\/blogs.correiobraziliense.com.br\/lianasabo\/wp-content\/uploads\/sites\/25\/2022\/08\/unnamed-5-200x300.jpg 200w, https:\/\/blogs.correiobraziliense.com.br\/lianasabo\/wp-content\/uploads\/sites\/25\/2022\/08\/unnamed-5-768x1151.jpg 768w, https:\/\/blogs.correiobraziliense.com.br\/lianasabo\/wp-content\/uploads\/sites\/25\/2022\/08\/unnamed-5.jpg 683w, https:\/\/blogs.correiobraziliense.com.br\/lianasabo\/wp-content\/uploads\/sites\/25\/2022\/08\/unnamed-5-800x1199.jpg 800w, https:\/\/blogs.correiobraziliense.com.br\/lianasabo\/wp-content\/uploads\/sites\/25\/2022\/08\/unnamed-5-550x824.jpg 550w, https:\/\/blogs.correiobraziliense.com.br\/lianasabo\/wp-content\/uploads\/sites\/25\/2022\/08\/unnamed-5-230x345.jpg 230w\" sizes=\"auto, (max-width: 200px) 100vw, 200px\" \/><\/a><figcaption id=\"caption-attachment-6059\" class=\"wp-caption-text\">Cr\u00e9dito: Piselli\/Divulga\u00e7\u00e3o<\/figcaption><\/figure>\n<p><strong>Bons vinhos<\/strong><\/p>\n<p>No Piselli Bras\u00edlia (Shopping Iguatemi), a comemora\u00e7\u00e3o ser\u00e1 regada a vinho. Na compr de uma garrafa do tinto Forte Ambrone (R\uff04 185), a segunda ser\u00e1 cortesia em homenagem aos papais. Para harmonizar, a pedida \u00e9 o risoto montalcino (R$ 123), risoto de parmes\u00e3o com vinho tinto toscano, lingui\u00e7a local e radicchio. As reservas podem ser feitas pelo WhatsApp (61) 9913-7191. Funcionamento das 12h \u00e0 0h.<\/p>\n<p><strong>Apaixonados por burguer<\/strong><\/p>\n<p>No Trufa Burger (CLS 213 Bolco A Loja 9 Parte B), a pedida \u00e9 dividir o hamburguer artesanal com o paiz\u00e3o. Nos dias 12, 13 e 14\/8, na compra de 1 combo, o cliente ganha 50% de desconto no segundo. Entre as op\u00e7\u00f5es est\u00e3o o honey &amp; brie (R$ 38,90), com sabor agridoce, feito com duas generosas fatias de queijo brie levemente derretidas, 160g do exclusivo blend TB, duas camadas de mel de trufado com trufas brancas e o melhor p\u00e3o artesanal; e o cheeseburguer TB (R$ 38,90), com tradicional p\u00e3o artesanal brioche tostado, 150g do blend da casa, queijo cheddar e maionese \u00e0 base de trufas negras. Funcionamento das 16h \u00e0s 23h.<\/p>\n<p><strong>Rod\u00edzio de pizza<\/strong><\/p>\n<p>O Dia dos Pais ser\u00e1 ainda mais especial na Casa Graviola e Graviola Burguer e Pizza. De 12 a 14 de agosto, as unidades da 202 Sul, Terra\u00e7o Shopping e Shopping Iguatemi (Burguer e Pizza), ter\u00e3o rod\u00edzio do paiz\u00e3o: quatro pizzas brotinhos nos sabores preferidos do cliente, por R$ 110. Tamb\u00e9m, na compra de um Burguer, o cliente ganha dois mini burgueres de frango, ou vegan. Aberto de 11h30 \u00e0s 22h.<\/p>\n<p><strong>Happy hour<\/strong><\/p>\n<figure id=\"attachment_6061\" aria-describedby=\"caption-attachment-6061\" style=\"width: 800px\" class=\"wp-caption aligncenter\"><a href=\"https:\/\/blogs.correiobraziliense.com.br\/lianasabo\/wp-content\/uploads\/sites\/25\/2022\/08\/Jijoca-55.jpg\"><img loading=\"lazy\" decoding=\"async\" class=\"wp-image-6061 size-full\" src=\"https:\/\/blogs.correiobraziliense.com.br\/lianasabo\/wp-content\/uploads\/sites\/25\/2022\/08\/Jijoca-55.jpg\" alt=\"\" width=\"800\" height=\"800\" srcset=\"https:\/\/blogs.correiobraziliense.com.br\/lianasabo\/wp-content\/uploads\/sites\/25\/2022\/08\/Jijoca-55.jpg 800w, https:\/\/blogs.correiobraziliense.com.br\/lianasabo\/wp-content\/uploads\/sites\/25\/2022\/08\/Jijoca-55-150x150.jpg 150w, https:\/\/blogs.correiobraziliense.com.br\/lianasabo\/wp-content\/uploads\/sites\/25\/2022\/08\/Jijoca-55-300x300.jpg 300w, https:\/\/blogs.correiobraziliense.com.br\/lianasabo\/wp-content\/uploads\/sites\/25\/2022\/08\/Jijoca-55-768x768.jpg 768w, https:\/\/blogs.correiobraziliense.com.br\/lianasabo\/wp-content\/uploads\/sites\/25\/2022\/08\/Jijoca-55-550x550.jpg 550w, https:\/\/blogs.correiobraziliense.com.br\/lianasabo\/wp-content\/uploads\/sites\/25\/2022\/08\/Jijoca-55-230x230.jpg 230w\" sizes=\"auto, (max-width: 800px) 100vw, 800px\" \/><\/a><figcaption id=\"caption-attachment-6061\" class=\"wp-caption-text\">Cr\u00e9dito: Jijoca\/Divulga\u00e7\u00e3o<\/figcaption><\/figure>\n<p>Que tal celebrar o Dia dos Pais em clima de happy hour? O restaurante Jijoca (402 Sul, Bloco B, Loja 29) tem diariamente das 16h \u00e0s 19h uma sele\u00e7\u00e3o especial de drinques especiais. O grande destaque \u00e9 o Jijoca Azul, que remete ao mar cearense, bebida com gim, \u00e1gua t\u00f4nica, cura\u00e7au blue, lim\u00e3o, xarope da casa, cravo, lim\u00e3o siciliano, gengibre e a\u00e7\u00facar. Outra op\u00e7\u00e3o \u00e9 o Jijoca Red com cura\u00e7au red, vodca, xarope de morango e de gengibre, lim\u00e3o e \u00e1gua com g\u00e1s. Aberto todos os dias de 12h08 at\u00e9 22h28.<\/p>\n<p><strong>Drinque especial<\/strong><\/p>\n<figure id=\"attachment_6062\" aria-describedby=\"caption-attachment-6062\" style=\"width: 800px\" class=\"wp-caption aligncenter\"><a href=\"https:\/\/blogs.correiobraziliense.com.br\/lianasabo\/wp-content\/uploads\/sites\/25\/2022\/08\/Tayp\u00e1-Sour-cr\u00e9dito-Inove-Aceleradora-2.jpg\"><img loading=\"lazy\" decoding=\"async\" class=\"wp-image-6062 size-full\" src=\"https:\/\/blogs.correiobraziliense.com.br\/lianasabo\/wp-content\/uploads\/sites\/25\/2022\/08\/Tayp\u00e1-Sour-cr\u00e9dito-Inove-Aceleradora-2.jpg\" alt=\"\" width=\"800\" height=\"533\" srcset=\"https:\/\/blogs.correiobraziliense.com.br\/lianasabo\/wp-content\/uploads\/sites\/25\/2022\/08\/Tayp\u00e1-Sour-cr\u00e9dito-Inove-Aceleradora-2.jpg 800w, https:\/\/blogs.correiobraziliense.com.br\/lianasabo\/wp-content\/uploads\/sites\/25\/2022\/08\/Tayp\u00e1-Sour-cr\u00e9dito-Inove-Aceleradora-2-300x200.jpg 300w, https:\/\/blogs.correiobraziliense.com.br\/lianasabo\/wp-content\/uploads\/sites\/25\/2022\/08\/Tayp\u00e1-Sour-cr\u00e9dito-Inove-Aceleradora-2-768x512.jpg 768w, https:\/\/blogs.correiobraziliense.com.br\/lianasabo\/wp-content\/uploads\/sites\/25\/2022\/08\/Tayp\u00e1-Sour-cr\u00e9dito-Inove-Aceleradora-2-550x366.jpg 550w, https:\/\/blogs.correiobraziliense.com.br\/lianasabo\/wp-content\/uploads\/sites\/25\/2022\/08\/Tayp\u00e1-Sour-cr\u00e9dito-Inove-Aceleradora-2-230x153.jpg 230w\" sizes=\"auto, (max-width: 800px) 100vw, 800px\" \/><\/a><figcaption id=\"caption-attachment-6062\" class=\"wp-caption-text\">Tayp\u00e1 Sour. Cr\u00e9dito: Inove Aceleradora\/Divulga\u00e7\u00e3o<\/figcaption><\/figure>\n<p>Com a assinatura do premiado chef Marco Espinoza, o restaurante Tayp\u00e1 (QI 17, Bloco G, lojas 208\/210 \u2013 Fashion Park \u2013 Lago Sul) ter\u00e1 um drinque especial para a data comemorativa. \u00c9 o Tayp\u00e1 Sour, feito com u\u00edsque, suco de lim\u00e3o siciliano, mel e cerveja pr\u00f3pria da casa (R$ 32). A bebida harmoniza com o card\u00e1pio da casa. Aberto a partir das 12h e fechado para jantar.<\/p>\n<p><strong>Jantar de gra\u00e7a<\/strong><\/p>\n<figure id=\"attachment_6063\" aria-describedby=\"caption-attachment-6063\" style=\"width: 800px\" class=\"wp-caption aligncenter\"><a href=\"https:\/\/blogs.correiobraziliense.com.br\/lianasabo\/wp-content\/uploads\/sites\/25\/2022\/08\/unnamed-2.jpg\"><img loading=\"lazy\" decoding=\"async\" class=\"wp-image-6063 size-full\" src=\"https:\/\/blogs.correiobraziliense.com.br\/lianasabo\/wp-content\/uploads\/sites\/25\/2022\/08\/unnamed-2.jpg\" alt=\"\" width=\"800\" height=\"533\" srcset=\"https:\/\/blogs.correiobraziliense.com.br\/lianasabo\/wp-content\/uploads\/sites\/25\/2022\/08\/unnamed-2.jpg 800w, https:\/\/blogs.correiobraziliense.com.br\/lianasabo\/wp-content\/uploads\/sites\/25\/2022\/08\/unnamed-2-300x200.jpg 300w, https:\/\/blogs.correiobraziliense.com.br\/lianasabo\/wp-content\/uploads\/sites\/25\/2022\/08\/unnamed-2-768x512.jpg 768w, https:\/\/blogs.correiobraziliense.com.br\/lianasabo\/wp-content\/uploads\/sites\/25\/2022\/08\/unnamed-2-550x366.jpg 550w, https:\/\/blogs.correiobraziliense.com.br\/lianasabo\/wp-content\/uploads\/sites\/25\/2022\/08\/unnamed-2-230x153.jpg 230w\" sizes=\"auto, (max-width: 800px) 100vw, 800px\" \/><\/a><figcaption id=\"caption-attachment-6063\" class=\"wp-caption-text\">Cr\u00e9dito: Coco Bambu\/Divulga\u00e7\u00e3o<\/figcaption><\/figure>\n<p>At\u00e9 19 de agosto, os clientes que gastarem R$ 400 no Taguatinga Shopping v\u00e3o ganhar um cupom eletr\u00f4nico para concorrer a um jantar de R$ 500 no restaurante Coco Bambu, rec\u00e9m-lan\u00e7ado no estabelecimento da chef executiva Daniela Barreira e especializado em pratos nordestinos. Clientes que doarem 1 kg de alimento ganham cupons em dobro.<\/p>\n","protected":false},"excerpt":{"rendered":"<p>O Dia dos Pais est\u00e1 quase chegando, se voc\u00ea ainda n\u00e3o definiu como ser\u00e1 a celebra\u00e7\u00e3o em fam\u00edlia, o blog da Liana Sabo traz uma sele\u00e7\u00e3o com 11 op\u00e7\u00f5es gastron\u00f4micas para comemorar a data com o patriarca. Confira! Celebra\u00e7\u00e3o no hotel Os hot\u00e9is Windsor Bras\u00edlia (SHN Quadra 01 &#8211; Conj. A \u2013 Bl. A) e Windsor Plaza Bras\u00edlia (SHS Qd [&hellip;]<\/p>\n","protected":false},"author":54,"featured_media":0,"comment_status":"open","ping_status":"open","sticky":false,"template":"","format":"standard","meta":{"footnotes":""},"categories":[326],"tags":[554,379],"class_list":["post-6055","post","type-post","status-publish","format-standard","hentry","category-restaurantes","tag-dia-dos-pais","tag-restaurantes"],"_links":{"self":[{"href":"https:\/\/blogs.correiobraziliense.com.br\/lianasabo\/wp-json\/wp\/v2\/posts\/6055","targetHints":{"allow":["GET"]}}],"collection":[{"href":"https:\/\/blogs.correiobraziliense.com.br\/lianasabo\/wp-json\/wp\/v2\/posts"}],"about":[{"href":"https:\/\/blogs.correiobraziliense.com.br\/lianasabo\/wp-json\/wp\/v2\/types\/post"}],"author":[{"embeddable":true,"href":"https:\/\/blogs.correiobraziliense.com.br\/lianasabo\/wp-json\/wp\/v2\/users\/54"}],"replies":[{"embeddable":true,"href":"https:\/\/blogs.correiobraziliense.com.br\/lianasabo\/wp-json\/wp\/v2\/comments?post=6055"}],"version-history":[{"count":1,"href":"https:\/\/blogs.correiobraziliense.com.br\/lianasabo\/wp-json\/wp\/v2\/posts\/6055\/revisions"}],"predecessor-version":[{"id":6064,"href":"https:\/\/blogs.correiobraziliense.com.br\/lianasabo\/wp-json\/wp\/v2\/posts\/6055\/revisions\/6064"}],"wp:attachment":[{"href":"https:\/\/blogs.correiobraziliense.com.br\/lianasabo\/wp-json\/wp\/v2\/media?parent=6055"}],"wp:term":[{"taxonomy":"category","embeddable":true,"href":"https:\/\/blogs.correiobraziliense.com.br\/lianasabo\/wp-json\/wp\/v2\/categories?post=6055"},{"taxonomy":"post_tag","embeddable":true,"href":"https:\/\/blogs.correiobraziliense.com.br\/lianasabo\/wp-json\/wp\/v2\/tags?post=6055"}],"curies":[{"name":"wp","href":"https:\/\/api.w.org\/{rel}","templated":true}]}}