{"id":6052,"date":"2022-08-12T06:14:00","date_gmt":"2022-08-12T09:14:00","guid":{"rendered":"https:\/\/blogs.correiobraziliense.com.br\/lianasabo\/?p=6052"},"modified":"2022-08-11T22:15:40","modified_gmt":"2022-08-12T01:15:40","slug":"chef-jefferson-rueda-na-chapada-dos-veadeiros","status":"publish","type":"post","link":"https:\/\/blogs.correiobraziliense.com.br\/lianasabo\/chef-jefferson-rueda-na-chapada-dos-veadeiros\/","title":{"rendered":"Chef Jefferson Rueda na Chapada dos Veadeiros"},"content":{"rendered":"<p>Depois de surpreender o planeta gastron\u00f4mico ao conquistar a s\u00e9tima posi\u00e7\u00e3o no ranking dos 50 melhores restaurantes do mundo com A Casa do Porco, o chef Jefferson Rueda vir\u00e1 a Bras\u00edlia semana que vem para se apresentar s\u00e1bado, 20 de agosto, na Chapada dos Veadeiros.<\/p>\n<p>Ser\u00e1 na Vila de S\u00e3o Jorge, no R\u00fastico Premium Grill, de propriedade do brasiliense Raif Gibran Filho e da paulista Carla Vasconcelos, durante jantar com menu de quatro etapas: recep\u00e7\u00e3o, entrada, principal e sobremesa. No preparo, ingredientes do frigor\u00edfico Porco Real do pr\u00f3prio Rueda.<\/p>\n<p>Com direito a bebidas, o menu sai por R$ 600 para uma pessoa ou R$ 1000 para o casal. Reservas pelo whatsapp (62) 99650-6476.<\/p>\n","protected":false},"excerpt":{"rendered":"<p>Depois de surpreender o planeta gastron\u00f4mico ao conquistar a s\u00e9tima posi\u00e7\u00e3o no ranking dos 50 melhores restaurantes do mundo com A Casa do Porco, o chef Jefferson Rueda vir\u00e1 a Bras\u00edlia semana que vem para se apresentar s\u00e1bado, 20 de agosto, na Chapada dos Veadeiros. Ser\u00e1 na Vila de S\u00e3o Jorge, no R\u00fastico Premium Grill, de propriedade do brasiliense Raif [&hellip;]<\/p>\n","protected":false},"author":54,"featured_media":6053,"comment_status":"open","ping_status":"open","sticky":false,"template":"","format":"standard","meta":{"footnotes":""},"categories":[486],"tags":[128,553],"class_list":["post-6052","post","type-post","status-publish","format-standard","has-post-thumbnail","hentry","category-evento","tag-chapada-dos-veadeiros","tag-jefferson-rueda"],"_links":{"self":[{"href":"https:\/\/blogs.correiobraziliense.com.br\/lianasabo\/wp-json\/wp\/v2\/posts\/6052","targetHints":{"allow":["GET"]}}],"collection":[{"href":"https:\/\/blogs.correiobraziliense.com.br\/lianasabo\/wp-json\/wp\/v2\/posts"}],"about":[{"href":"https:\/\/blogs.correiobraziliense.com.br\/lianasabo\/wp-json\/wp\/v2\/types\/post"}],"author":[{"embeddable":true,"href":"https:\/\/blogs.correiobraziliense.com.br\/lianasabo\/wp-json\/wp\/v2\/users\/54"}],"replies":[{"embeddable":true,"href":"https:\/\/blogs.correiobraziliense.com.br\/lianasabo\/wp-json\/wp\/v2\/comments?post=6052"}],"version-history":[{"count":1,"href":"https:\/\/blogs.correiobraziliense.com.br\/lianasabo\/wp-json\/wp\/v2\/posts\/6052\/revisions"}],"predecessor-version":[{"id":6054,"href":"https:\/\/blogs.correiobraziliense.com.br\/lianasabo\/wp-json\/wp\/v2\/posts\/6052\/revisions\/6054"}],"wp:featuredmedia":[{"embeddable":true,"href":"https:\/\/blogs.correiobraziliense.com.br\/lianasabo\/wp-json\/wp\/v2\/media\/6053"}],"wp:attachment":[{"href":"https:\/\/blogs.correiobraziliense.com.br\/lianasabo\/wp-json\/wp\/v2\/media?parent=6052"}],"wp:term":[{"taxonomy":"category","embeddable":true,"href":"https:\/\/blogs.correiobraziliense.com.br\/lianasabo\/wp-json\/wp\/v2\/categories?post=6052"},{"taxonomy":"post_tag","embeddable":true,"href":"https:\/\/blogs.correiobraziliense.com.br\/lianasabo\/wp-json\/wp\/v2\/tags?post=6052"}],"curies":[{"name":"wp","href":"https:\/\/api.w.org\/{rel}","templated":true}]}}