{"id":6048,"date":"2022-08-12T06:11:10","date_gmt":"2022-08-12T09:11:10","guid":{"rendered":"https:\/\/blogs.correiobraziliense.com.br\/lianasabo\/?p=6048"},"modified":"2022-08-11T22:13:52","modified_gmt":"2022-08-12T01:13:52","slug":"nova-edicao-da-feira-panela-candanga","status":"publish","type":"post","link":"https:\/\/blogs.correiobraziliense.com.br\/lianasabo\/nova-edicao-da-feira-panela-candanga\/","title":{"rendered":"Nova edi\u00e7\u00e3o da feira Panela Candanga"},"content":{"rendered":"<p>Come\u00e7a quinta e vai at\u00e9 domingo, 21, na pra\u00e7a central do Casapark a oitava edi\u00e7\u00e3o da Panela Candanga, feira de gastronomia do Centro-Oeste, que traz chefs, pesquisadores e empreendedores para mostrar ao p\u00fablico seus sabores e saberes, inclusive com oficinas gratuitas para crian\u00e7as.<\/p>\n<p>Ser\u00e3o destaques o chef Gil Guimar\u00e3es ensinando lombo de sol canjiquinha e cajuzinho do cerrado; Paulo Stefanini e Z\u00e9 Barbosa na li\u00e7\u00e3o de drinques com insumos do cerrado e Roberta Azevedo, da Comedoria Sazonal sobre o uso integral da banana, do fruto \u00e0 casca. Inscri\u00e7\u00f5es: <a href=\"https:\/\/www.shopping.casapark.com.br\/\">https:\/\/www.shopping.casapark.com.br\/<\/a><\/p>\n","protected":false},"excerpt":{"rendered":"<p>Come\u00e7a quinta e vai at\u00e9 domingo, 21, na pra\u00e7a central do Casapark a oitava edi\u00e7\u00e3o da Panela Candanga, feira de gastronomia do Centro-Oeste, que traz chefs, pesquisadores e empreendedores para mostrar ao p\u00fablico seus sabores e saberes, inclusive com oficinas gratuitas para crian\u00e7as. Ser\u00e3o destaques o chef Gil Guimar\u00e3es ensinando lombo de sol canjiquinha e cajuzinho do cerrado; Paulo Stefanini [&hellip;]<\/p>\n","protected":false},"author":54,"featured_media":6049,"comment_status":"open","ping_status":"open","sticky":false,"template":"","format":"standard","meta":{"footnotes":""},"categories":[486],"tags":[448,36],"class_list":["post-6048","post","type-post","status-publish","format-standard","has-post-thumbnail","hentry","category-evento","tag-feira","tag-panela-candanga"],"_links":{"self":[{"href":"https:\/\/blogs.correiobraziliense.com.br\/lianasabo\/wp-json\/wp\/v2\/posts\/6048","targetHints":{"allow":["GET"]}}],"collection":[{"href":"https:\/\/blogs.correiobraziliense.com.br\/lianasabo\/wp-json\/wp\/v2\/posts"}],"about":[{"href":"https:\/\/blogs.correiobraziliense.com.br\/lianasabo\/wp-json\/wp\/v2\/types\/post"}],"author":[{"embeddable":true,"href":"https:\/\/blogs.correiobraziliense.com.br\/lianasabo\/wp-json\/wp\/v2\/users\/54"}],"replies":[{"embeddable":true,"href":"https:\/\/blogs.correiobraziliense.com.br\/lianasabo\/wp-json\/wp\/v2\/comments?post=6048"}],"version-history":[{"count":2,"href":"https:\/\/blogs.correiobraziliense.com.br\/lianasabo\/wp-json\/wp\/v2\/posts\/6048\/revisions"}],"predecessor-version":[{"id":6051,"href":"https:\/\/blogs.correiobraziliense.com.br\/lianasabo\/wp-json\/wp\/v2\/posts\/6048\/revisions\/6051"}],"wp:featuredmedia":[{"embeddable":true,"href":"https:\/\/blogs.correiobraziliense.com.br\/lianasabo\/wp-json\/wp\/v2\/media\/6049"}],"wp:attachment":[{"href":"https:\/\/blogs.correiobraziliense.com.br\/lianasabo\/wp-json\/wp\/v2\/media?parent=6048"}],"wp:term":[{"taxonomy":"category","embeddable":true,"href":"https:\/\/blogs.correiobraziliense.com.br\/lianasabo\/wp-json\/wp\/v2\/categories?post=6048"},{"taxonomy":"post_tag","embeddable":true,"href":"https:\/\/blogs.correiobraziliense.com.br\/lianasabo\/wp-json\/wp\/v2\/tags?post=6048"}],"curies":[{"name":"wp","href":"https:\/\/api.w.org\/{rel}","templated":true}]}}