{"id":6044,"date":"2022-08-12T06:04:07","date_gmt":"2022-08-12T09:04:07","guid":{"rendered":"https:\/\/blogs.correiobraziliense.com.br\/lianasabo\/?p=6044"},"modified":"2022-08-11T22:08:41","modified_gmt":"2022-08-12T01:08:41","slug":"piselli-brasilia-investe-no-segmento-festivo","status":"publish","type":"post","link":"https:\/\/blogs.correiobraziliense.com.br\/lianasabo\/piselli-brasilia-investe-no-segmento-festivo\/","title":{"rendered":"Piselli Bras\u00edlia investe no segmento festivo"},"content":{"rendered":"<p>Com o servi\u00e7o nota dez \u2013 caracter\u00edstica do endere\u00e7o que come\u00e7ou com o Gero \u2013, o Piselli Bras\u00edlia investe no segmento festivo de comemora\u00e7\u00f5es e reuni\u00f5es de neg\u00f3cios oferecendo quatro espa\u00e7os distintos na \u00e1rea que ocupa desde maio do ano passado no Shopping Iguatemi.<\/p>\n<p>A come\u00e7ar pelo terra\u00e7o ao ar livre, com mesas protegidas por ombrelones \u00e9 ideal para almo\u00e7o e happy hour e mais ameno no jantar. Na parte interna, h\u00e1 a sala JK projetada para momentos mais reservados, al\u00e9m do lounge, pr\u00f3ximo ao bar, e do sal\u00e3o principal com vista para o jardim.<\/p>\n<figure id=\"attachment_6046\" aria-describedby=\"caption-attachment-6046\" style=\"width: 800px\" class=\"wp-caption aligncenter\"><a href=\"https:\/\/blogs.correiobraziliense.com.br\/lianasabo\/wp-content\/uploads\/sites\/25\/2022\/08\/Divulga\u00e7\u00e3o-Sala-JK-Piselli-Bras\u00edlia-2.jpg\"><img loading=\"lazy\" decoding=\"async\" class=\"size-full wp-image-6046\" src=\"https:\/\/blogs.correiobraziliense.com.br\/lianasabo\/wp-content\/uploads\/sites\/25\/2022\/08\/Divulga\u00e7\u00e3o-Sala-JK-Piselli-Bras\u00edlia-2.jpg\" alt=\"\" width=\"800\" height=\"534\" srcset=\"https:\/\/blogs.correiobraziliense.com.br\/lianasabo\/wp-content\/uploads\/sites\/25\/2022\/08\/Divulga\u00e7\u00e3o-Sala-JK-Piselli-Bras\u00edlia-2.jpg 800w, https:\/\/blogs.correiobraziliense.com.br\/lianasabo\/wp-content\/uploads\/sites\/25\/2022\/08\/Divulga\u00e7\u00e3o-Sala-JK-Piselli-Bras\u00edlia-2-300x200.jpg 300w, https:\/\/blogs.correiobraziliense.com.br\/lianasabo\/wp-content\/uploads\/sites\/25\/2022\/08\/Divulga\u00e7\u00e3o-Sala-JK-Piselli-Bras\u00edlia-2-768x513.jpg 768w, https:\/\/blogs.correiobraziliense.com.br\/lianasabo\/wp-content\/uploads\/sites\/25\/2022\/08\/Divulga\u00e7\u00e3o-Sala-JK-Piselli-Bras\u00edlia-2-550x367.jpg 550w, https:\/\/blogs.correiobraziliense.com.br\/lianasabo\/wp-content\/uploads\/sites\/25\/2022\/08\/Divulga\u00e7\u00e3o-Sala-JK-Piselli-Bras\u00edlia-2-230x154.jpg 230w\" sizes=\"auto, (max-width: 800px) 100vw, 800px\" \/><\/a><figcaption id=\"caption-attachment-6046\" class=\"wp-caption-text\">Cr\u00e9dito: Piselli Bras\u00edlia\/Divulga\u00e7\u00e3o<\/figcaption><\/figure>\n<p>\u201cEm todos eles, \u00e9 poss\u00edvel promover reuni\u00f5es, mini weddings, noivado, anivers\u00e1rio, apresenta\u00e7\u00e3o empresarial, entre outros\u201d, comenta o fundador Juscelino Pereira, cuja liga\u00e7\u00e3o com a cidade come\u00e7a pelo nome: uma homenagem dos pais mineiros a JK.<\/p>\n<p>Para acompanhar a vers\u00e1til carta de vinhos com mais de 200 r\u00f3tulos na adega, a casa montou sete menus com entrada, principal e sobremesa, cujos pre\u00e7os ficam em torno de R$ 180 por pessoa; R$ 210; R$ 228 ou menu volante por R$ 145. Reservas pelo 99913-7191.<\/p>\n","protected":false},"excerpt":{"rendered":"<p>Com o servi\u00e7o nota dez \u2013 caracter\u00edstica do endere\u00e7o que come\u00e7ou com o Gero \u2013, o Piselli Bras\u00edlia investe no segmento festivo de comemora\u00e7\u00f5es e reuni\u00f5es de neg\u00f3cios oferecendo quatro espa\u00e7os distintos na \u00e1rea que ocupa desde maio do ano passado no Shopping Iguatemi. A come\u00e7ar pelo terra\u00e7o ao ar livre, com mesas protegidas por ombrelones \u00e9 ideal para almo\u00e7o [&hellip;]<\/p>\n","protected":false},"author":54,"featured_media":6045,"comment_status":"open","ping_status":"open","sticky":false,"template":"","format":"standard","meta":{"footnotes":""},"categories":[1],"tags":[],"class_list":["post-6044","post","type-post","status-publish","format-standard","has-post-thumbnail","hentry","category-sem-categoria"],"_links":{"self":[{"href":"https:\/\/blogs.correiobraziliense.com.br\/lianasabo\/wp-json\/wp\/v2\/posts\/6044","targetHints":{"allow":["GET"]}}],"collection":[{"href":"https:\/\/blogs.correiobraziliense.com.br\/lianasabo\/wp-json\/wp\/v2\/posts"}],"about":[{"href":"https:\/\/blogs.correiobraziliense.com.br\/lianasabo\/wp-json\/wp\/v2\/types\/post"}],"author":[{"embeddable":true,"href":"https:\/\/blogs.correiobraziliense.com.br\/lianasabo\/wp-json\/wp\/v2\/users\/54"}],"replies":[{"embeddable":true,"href":"https:\/\/blogs.correiobraziliense.com.br\/lianasabo\/wp-json\/wp\/v2\/comments?post=6044"}],"version-history":[{"count":1,"href":"https:\/\/blogs.correiobraziliense.com.br\/lianasabo\/wp-json\/wp\/v2\/posts\/6044\/revisions"}],"predecessor-version":[{"id":6047,"href":"https:\/\/blogs.correiobraziliense.com.br\/lianasabo\/wp-json\/wp\/v2\/posts\/6044\/revisions\/6047"}],"wp:featuredmedia":[{"embeddable":true,"href":"https:\/\/blogs.correiobraziliense.com.br\/lianasabo\/wp-json\/wp\/v2\/media\/6045"}],"wp:attachment":[{"href":"https:\/\/blogs.correiobraziliense.com.br\/lianasabo\/wp-json\/wp\/v2\/media?parent=6044"}],"wp:term":[{"taxonomy":"category","embeddable":true,"href":"https:\/\/blogs.correiobraziliense.com.br\/lianasabo\/wp-json\/wp\/v2\/categories?post=6044"},{"taxonomy":"post_tag","embeddable":true,"href":"https:\/\/blogs.correiobraziliense.com.br\/lianasabo\/wp-json\/wp\/v2\/tags?post=6044"}],"curies":[{"name":"wp","href":"https:\/\/api.w.org\/{rel}","templated":true}]}}