{"id":6023,"date":"2022-08-03T08:41:39","date_gmt":"2022-08-03T11:41:39","guid":{"rendered":"https:\/\/blogs.correiobraziliense.com.br\/lianasabo\/?p=6023"},"modified":"2022-08-03T08:41:39","modified_gmt":"2022-08-03T11:41:39","slug":"referencia-em-banoffees-doceria-nanica-desembarca-em-brasilia","status":"publish","type":"post","link":"https:\/\/blogs.correiobraziliense.com.br\/lianasabo\/referencia-em-banoffees-doceria-nanica-desembarca-em-brasilia\/","title":{"rendered":"Refer\u00eancia em banoffees, doceria Nanica desembarca em Bras\u00edlia"},"content":{"rendered":"<p>O brasiliense ganhou mais um local para saborear banoffee. Reconhecida pelas receitas inovadoras, a doceria paulista Nanica inaugura, nesta quarta-feira (3\/8), a primeira loja em Bras\u00edlia localizada na 116 Sul. A unidade estar\u00e1 aberta para o p\u00fablico a partir das 16h30.<\/p>\n<p>\u201cChegar \u00e0 capital do pa\u00eds \u00e9 um passo muito grande para a c\u00e9lere hist\u00f3ria do Nanica. Queremos construir uma marca estruturada e s\u00f3lida em todo Brasil. Buscamos levar o sabor e a nossa ess\u00eancia atrav\u00e9s das banoffees para os consumidores\u201d, declara Leonardo Macedo.<\/p>\n<p>O card\u00e1pio explora seis receitas e vers\u00f5es autorais da banoffee, carro-chefe da marca, que leva banana, doce de leite caseiro e um chantilly com toque especial na composi\u00e7\u00e3o. S\u00e3o elas: monoffee (com leite condensado cremoso, morango e mini suspiros), uvoffee (com uva, leite condensado cremoso e am\u00eandoas tostadas), churroffee (leite condensado cremoso com especiarias, banana e cereal de churros), nutella (com banana, creme de avel\u00e3 e chantilly) e mineiro de botas (com goiabada casc\u00e3o, banana e chantilly de queijo). As tortas s\u00e3o vendidas em fatias. Al\u00e9m de serem consumidas na loja, tamb\u00e9m podem ser pedidas pelo delivery do Ifood.<\/p>\n<p>Para harmonizar com os produtos, a marca traz o exclusivo nanicoffee, combina\u00e7\u00e3o refrescante de caf\u00e9 espresso, leite, doce de leite e chantilly de banana. A loja funciona de 11h \u00e0s 22h na 116 Sul (Bloco B, Loja 21). Pedidos e encomendas: 3257-0037.<\/p>\n","protected":false},"excerpt":{"rendered":"<p>O brasiliense ganhou mais um local para saborear banoffee. Reconhecida pelas receitas inovadoras, a doceria paulista Nanica inaugura, nesta quarta-feira (3\/8), a primeira loja em Bras\u00edlia localizada na 116 Sul. A unidade estar\u00e1 aberta para o p\u00fablico a partir das 16h30. \u201cChegar \u00e0 capital do pa\u00eds \u00e9 um passo muito grande para a c\u00e9lere hist\u00f3ria do Nanica. Queremos construir uma [&hellip;]<\/p>\n","protected":false},"author":54,"featured_media":6024,"comment_status":"open","ping_status":"open","sticky":false,"template":"","format":"standard","meta":{"footnotes":""},"categories":[140],"tags":[542,547,546],"class_list":["post-6023","post","type-post","status-publish","format-standard","has-post-thumbnail","hentry","category-confeitaria","tag-banoffee","tag-doceria","tag-nanica"],"_links":{"self":[{"href":"https:\/\/blogs.correiobraziliense.com.br\/lianasabo\/wp-json\/wp\/v2\/posts\/6023","targetHints":{"allow":["GET"]}}],"collection":[{"href":"https:\/\/blogs.correiobraziliense.com.br\/lianasabo\/wp-json\/wp\/v2\/posts"}],"about":[{"href":"https:\/\/blogs.correiobraziliense.com.br\/lianasabo\/wp-json\/wp\/v2\/types\/post"}],"author":[{"embeddable":true,"href":"https:\/\/blogs.correiobraziliense.com.br\/lianasabo\/wp-json\/wp\/v2\/users\/54"}],"replies":[{"embeddable":true,"href":"https:\/\/blogs.correiobraziliense.com.br\/lianasabo\/wp-json\/wp\/v2\/comments?post=6023"}],"version-history":[{"count":1,"href":"https:\/\/blogs.correiobraziliense.com.br\/lianasabo\/wp-json\/wp\/v2\/posts\/6023\/revisions"}],"predecessor-version":[{"id":6025,"href":"https:\/\/blogs.correiobraziliense.com.br\/lianasabo\/wp-json\/wp\/v2\/posts\/6023\/revisions\/6025"}],"wp:featuredmedia":[{"embeddable":true,"href":"https:\/\/blogs.correiobraziliense.com.br\/lianasabo\/wp-json\/wp\/v2\/media\/6024"}],"wp:attachment":[{"href":"https:\/\/blogs.correiobraziliense.com.br\/lianasabo\/wp-json\/wp\/v2\/media?parent=6023"}],"wp:term":[{"taxonomy":"category","embeddable":true,"href":"https:\/\/blogs.correiobraziliense.com.br\/lianasabo\/wp-json\/wp\/v2\/categories?post=6023"},{"taxonomy":"post_tag","embeddable":true,"href":"https:\/\/blogs.correiobraziliense.com.br\/lianasabo\/wp-json\/wp\/v2\/tags?post=6023"}],"curies":[{"name":"wp","href":"https:\/\/api.w.org\/{rel}","templated":true}]}}