{"id":6001,"date":"2022-07-27T14:22:26","date_gmt":"2022-07-27T17:22:26","guid":{"rendered":"https:\/\/blogs.correiobraziliense.com.br\/lianasabo\/?p=6001"},"modified":"2022-07-27T14:22:26","modified_gmt":"2022-07-27T17:22:26","slug":"em-comemoracao-ao-primeiro-ano-acougue-do-berg-promove-wine-fair","status":"publish","type":"post","link":"https:\/\/blogs.correiobraziliense.com.br\/lianasabo\/em-comemoracao-ao-primeiro-ano-acougue-do-berg-promove-wine-fair\/","title":{"rendered":"Em comemora\u00e7\u00e3o ao primeiro ano, A\u00e7ougue do Berg promove Wine Fair"},"content":{"rendered":"<p>O A\u00e7ougue do Berg (Setor de Clubes Sul Tc. 2) recebe, nesta quinta-feira (28\/7), o evento Wine Fair. Das 19h \u00e0s 23h, o evento conta com cerca de 90 r\u00f3tulos de vinhos para serem harmonizados com um buf\u00ea especial assinado por chefs. A festividade faz parte da comemora\u00e7\u00e3o do anivers\u00e1rio de um ano do estabelecimento.<\/p>\n<p>\u201cEstamos muito felizes com a aceita\u00e7\u00e3o do brasiliense da nossa proposta em ofertar uma experi\u00eancia para o cliente memor\u00e1vel, seja por conta dos produtos de qualidade (muitos deles artesanais), seja pelo bom atendimento. Nesta noite queremos comemorar esse anivers\u00e1rio oferecendo aos nossos clientes uma viagem \u00e0s melhores e mais surpreendentes vin\u00edcolas do mundo\u201d, afirma o s\u00f3cio e chef Valmir Biberg, que assina os pratos do A\u00e7ougue do Berg.<\/p>\n<p>A expectativa \u00e9 reunir no local aproximadamente 150 pessoas. O convite para o evento custa R$ 180 e pode ser adquirido pela plataforma Sympla (com custo de taxa de conveni\u00eancia adicional) e tamb\u00e9m diretamente no restaurante. Ingressos em\u00a0<a href=\"https:\/\/www.sympla.com.br\/evento\/wine-fair-2022\/1646446\" target=\"_blank\" rel=\"noopener noreferrer\">https:\/\/www.sympla.com.br\/evento\/wine-fair-2022\/1646446<\/a>. Reservas ou informa\u00e7\u00f5es: (61) 99175-6835 e 2099-2989.<\/p>\n","protected":false},"excerpt":{"rendered":"<p>O A\u00e7ougue do Berg (Setor de Clubes Sul Tc. 2) recebe, nesta quinta-feira (28\/7), o evento Wine Fair. Das 19h \u00e0s 23h, o evento conta com cerca de 90 r\u00f3tulos de vinhos para serem harmonizados com um buf\u00ea especial assinado por chefs. A festividade faz parte da comemora\u00e7\u00e3o do anivers\u00e1rio de um ano do estabelecimento. \u201cEstamos muito felizes com a [&hellip;]<\/p>\n","protected":false},"author":54,"featured_media":6002,"comment_status":"open","ping_status":"open","sticky":false,"template":"","format":"standard","meta":{"footnotes":""},"categories":[201],"tags":[543],"class_list":["post-6001","post","type-post","status-publish","format-standard","has-post-thumbnail","hentry","category-festival","tag-acougue"],"_links":{"self":[{"href":"https:\/\/blogs.correiobraziliense.com.br\/lianasabo\/wp-json\/wp\/v2\/posts\/6001","targetHints":{"allow":["GET"]}}],"collection":[{"href":"https:\/\/blogs.correiobraziliense.com.br\/lianasabo\/wp-json\/wp\/v2\/posts"}],"about":[{"href":"https:\/\/blogs.correiobraziliense.com.br\/lianasabo\/wp-json\/wp\/v2\/types\/post"}],"author":[{"embeddable":true,"href":"https:\/\/blogs.correiobraziliense.com.br\/lianasabo\/wp-json\/wp\/v2\/users\/54"}],"replies":[{"embeddable":true,"href":"https:\/\/blogs.correiobraziliense.com.br\/lianasabo\/wp-json\/wp\/v2\/comments?post=6001"}],"version-history":[{"count":1,"href":"https:\/\/blogs.correiobraziliense.com.br\/lianasabo\/wp-json\/wp\/v2\/posts\/6001\/revisions"}],"predecessor-version":[{"id":6003,"href":"https:\/\/blogs.correiobraziliense.com.br\/lianasabo\/wp-json\/wp\/v2\/posts\/6001\/revisions\/6003"}],"wp:featuredmedia":[{"embeddable":true,"href":"https:\/\/blogs.correiobraziliense.com.br\/lianasabo\/wp-json\/wp\/v2\/media\/6002"}],"wp:attachment":[{"href":"https:\/\/blogs.correiobraziliense.com.br\/lianasabo\/wp-json\/wp\/v2\/media?parent=6001"}],"wp:term":[{"taxonomy":"category","embeddable":true,"href":"https:\/\/blogs.correiobraziliense.com.br\/lianasabo\/wp-json\/wp\/v2\/categories?post=6001"},{"taxonomy":"post_tag","embeddable":true,"href":"https:\/\/blogs.correiobraziliense.com.br\/lianasabo\/wp-json\/wp\/v2\/tags?post=6001"}],"curies":[{"name":"wp","href":"https:\/\/api.w.org\/{rel}","templated":true}]}}