{"id":5977,"date":"2022-07-20T12:53:43","date_gmt":"2022-07-20T15:53:43","guid":{"rendered":"https:\/\/blogs.correiobraziliense.com.br\/lianasabo\/?p=5977"},"modified":"2022-07-20T12:53:43","modified_gmt":"2022-07-20T15:53:43","slug":"nova-edicao-do-wine-festival-em-goiania","status":"publish","type":"post","link":"https:\/\/blogs.correiobraziliense.com.br\/lianasabo\/nova-edicao-do-wine-festival-em-goiania\/","title":{"rendered":"Nova edi\u00e7\u00e3o do Wine Festival em Goi\u00e2nia"},"content":{"rendered":"<p>De 29 a 31 de julho, o Castro&#8217;s Park Hotel, em Goi\u00e2nia, promove a quinta edi\u00e7\u00e3o do Wine Festival, a qual sou uma das embaixadoras. O evento conta com uma programa\u00e7\u00e3o recheada de troca de conhecimentos e bons vinhos. Especialistas no cen\u00e1rio, como Dr. Sebasti\u00e3o Ferro, propriet\u00e1rio da Vin\u00edcola Serra das Gales, e Letticiae Bittencourt, sommelier da ABS-SP e presidente da ABS-GO, est\u00e3o entre os palestrantes.<\/p>\n<p>No primeiro dia, a programa\u00e7\u00e3o come\u00e7a partir das 18h, com drinques de boas-vindas. Depois, o p\u00fablico acompanha palestra e segue para o jantar harmonizado Volta ao mundo, no restaurante Bougainvillea. No dia 30, a programa\u00e7\u00e3o tem in\u00edcio \u00e0s 11h com palestras at\u00e9 as 13h. Em seguida, tem feijoada harmonizada. Das 18h \u00e0s 21h30, o festival se estende para a piscina.<\/p>\n<p>No \u00faltimo dia, as conversas s\u00e3o novamente das 11h \u00e0s 13h. Ap\u00f3s o fim das confer\u00eancias, tem o almo\u00e7o harmonizado. O pacote completo para dois adultos custa R$ 2.123.<\/p>\n","protected":false},"excerpt":{"rendered":"<p>De 29 a 31 de julho, o Castro&#8217;s Park Hotel, em Goi\u00e2nia, promove a quinta edi\u00e7\u00e3o do Wine Festival, a qual sou uma das embaixadoras. O evento conta com uma programa\u00e7\u00e3o recheada de troca de conhecimentos e bons vinhos. Especialistas no cen\u00e1rio, como Dr. Sebasti\u00e3o Ferro, propriet\u00e1rio da Vin\u00edcola Serra das Gales, e Letticiae Bittencourt, sommelier da ABS-SP e presidente [&hellip;]<\/p>\n","protected":false},"author":54,"featured_media":5979,"comment_status":"open","ping_status":"open","sticky":false,"template":"","format":"standard","meta":{"footnotes":""},"categories":[201],"tags":[425,493],"class_list":["post-5977","post","type-post","status-publish","format-standard","has-post-thumbnail","hentry","category-festival","tag-vinhos","tag-wine-festival"],"_links":{"self":[{"href":"https:\/\/blogs.correiobraziliense.com.br\/lianasabo\/wp-json\/wp\/v2\/posts\/5977","targetHints":{"allow":["GET"]}}],"collection":[{"href":"https:\/\/blogs.correiobraziliense.com.br\/lianasabo\/wp-json\/wp\/v2\/posts"}],"about":[{"href":"https:\/\/blogs.correiobraziliense.com.br\/lianasabo\/wp-json\/wp\/v2\/types\/post"}],"author":[{"embeddable":true,"href":"https:\/\/blogs.correiobraziliense.com.br\/lianasabo\/wp-json\/wp\/v2\/users\/54"}],"replies":[{"embeddable":true,"href":"https:\/\/blogs.correiobraziliense.com.br\/lianasabo\/wp-json\/wp\/v2\/comments?post=5977"}],"version-history":[{"count":1,"href":"https:\/\/blogs.correiobraziliense.com.br\/lianasabo\/wp-json\/wp\/v2\/posts\/5977\/revisions"}],"predecessor-version":[{"id":5980,"href":"https:\/\/blogs.correiobraziliense.com.br\/lianasabo\/wp-json\/wp\/v2\/posts\/5977\/revisions\/5980"}],"wp:featuredmedia":[{"embeddable":true,"href":"https:\/\/blogs.correiobraziliense.com.br\/lianasabo\/wp-json\/wp\/v2\/media\/5979"}],"wp:attachment":[{"href":"https:\/\/blogs.correiobraziliense.com.br\/lianasabo\/wp-json\/wp\/v2\/media?parent=5977"}],"wp:term":[{"taxonomy":"category","embeddable":true,"href":"https:\/\/blogs.correiobraziliense.com.br\/lianasabo\/wp-json\/wp\/v2\/categories?post=5977"},{"taxonomy":"post_tag","embeddable":true,"href":"https:\/\/blogs.correiobraziliense.com.br\/lianasabo\/wp-json\/wp\/v2\/tags?post=5977"}],"curies":[{"name":"wp","href":"https:\/\/api.w.org\/{rel}","templated":true}]}}