{"id":5974,"date":"2022-07-15T06:42:30","date_gmt":"2022-07-15T09:42:30","guid":{"rendered":"https:\/\/blogs.correiobraziliense.com.br\/lianasabo\/?p=5974"},"modified":"2022-07-14T22:44:44","modified_gmt":"2022-07-15T01:44:44","slug":"cremeria-italiana-desembarca-em-aguas-claras","status":"publish","type":"post","link":"https:\/\/blogs.correiobraziliense.com.br\/lianasabo\/cremeria-italiana-desembarca-em-aguas-claras\/","title":{"rendered":"Cremeria Italiana desembarca em \u00c1guas Claras"},"content":{"rendered":"<p>Tr\u00eas anos e meio depois de conquistar o p\u00fablico, especialmente da Asa Sul, onde se instalou na Comercial da 206, a Cremeria Italiana chega a \u00c1guas Claras para \u201catender a demanda que foi fundamental na escolha da localiza\u00e7\u00e3o da nova unidade\u201d, afirma o italiano Paolo Calanchini, chef gelataio, que \u00e9 o nome que se d\u00e1 na It\u00e1lia ao especialista em gelato, iguaria gelada nascida na Toscana. Desde ontem, ele est\u00e1 atendendo a nova clientela na Rua das Pitangueiras, Lote 3, loja 12. O gelato difere do sorvete porque ostenta menor teor de gordura e quantidade reduzida de a\u00e7\u00facar e, no caso da Cremeria, n\u00e3o cont\u00e9m aromatizantes, conservantes e nem gorduras hidrogenadas.<\/p>\n<p>Vinda de S\u00e3o Paulo, onde continua com v\u00e1rios cursos, a grife j\u00e1 arrebatou pr\u00eamios pela qualidade dos sabores e o diferencial \u00e9 a aposta em novidades, como o Crema Modenese, gelato de creme ao mel, mesclado com caramelo de vinagre bals\u00e2mico de M\u00f3dena e coberto com crocante de pistache, que ganha um toque muito especial conferido pela flor de sal.<\/p>\n<p>Outros destaques s\u00e3o o fior di latte, feito com baunilha de Madagascar e creme de leite fresco; fragola produzido com morangos frescos selecionados; dolce di latte, com doce de leite argentino, al\u00e9m de sabores tradicionais. Pode conferir no site: cremeriaitaliana.com.br<\/p>\n","protected":false},"excerpt":{"rendered":"<p>Tr\u00eas anos e meio depois de conquistar o p\u00fablico, especialmente da Asa Sul, onde se instalou na Comercial da 206, a Cremeria Italiana chega a \u00c1guas Claras para \u201catender a demanda que foi fundamental na escolha da localiza\u00e7\u00e3o da nova unidade\u201d, afirma o italiano Paolo Calanchini, chef gelataio, que \u00e9 o nome que se d\u00e1 na It\u00e1lia ao especialista em [&hellip;]<\/p>\n","protected":false},"author":54,"featured_media":5975,"comment_status":"open","ping_status":"open","sticky":false,"template":"","format":"standard","meta":{"footnotes":""},"categories":[326],"tags":[138,536],"class_list":["post-5974","post","type-post","status-publish","format-standard","has-post-thumbnail","hentry","category-restaurantes","tag-aguas-claras","tag-cremeria-italiana"],"_links":{"self":[{"href":"https:\/\/blogs.correiobraziliense.com.br\/lianasabo\/wp-json\/wp\/v2\/posts\/5974","targetHints":{"allow":["GET"]}}],"collection":[{"href":"https:\/\/blogs.correiobraziliense.com.br\/lianasabo\/wp-json\/wp\/v2\/posts"}],"about":[{"href":"https:\/\/blogs.correiobraziliense.com.br\/lianasabo\/wp-json\/wp\/v2\/types\/post"}],"author":[{"embeddable":true,"href":"https:\/\/blogs.correiobraziliense.com.br\/lianasabo\/wp-json\/wp\/v2\/users\/54"}],"replies":[{"embeddable":true,"href":"https:\/\/blogs.correiobraziliense.com.br\/lianasabo\/wp-json\/wp\/v2\/comments?post=5974"}],"version-history":[{"count":1,"href":"https:\/\/blogs.correiobraziliense.com.br\/lianasabo\/wp-json\/wp\/v2\/posts\/5974\/revisions"}],"predecessor-version":[{"id":5976,"href":"https:\/\/blogs.correiobraziliense.com.br\/lianasabo\/wp-json\/wp\/v2\/posts\/5974\/revisions\/5976"}],"wp:featuredmedia":[{"embeddable":true,"href":"https:\/\/blogs.correiobraziliense.com.br\/lianasabo\/wp-json\/wp\/v2\/media\/5975"}],"wp:attachment":[{"href":"https:\/\/blogs.correiobraziliense.com.br\/lianasabo\/wp-json\/wp\/v2\/media?parent=5974"}],"wp:term":[{"taxonomy":"category","embeddable":true,"href":"https:\/\/blogs.correiobraziliense.com.br\/lianasabo\/wp-json\/wp\/v2\/categories?post=5974"},{"taxonomy":"post_tag","embeddable":true,"href":"https:\/\/blogs.correiobraziliense.com.br\/lianasabo\/wp-json\/wp\/v2\/tags?post=5974"}],"curies":[{"name":"wp","href":"https:\/\/api.w.org\/{rel}","templated":true}]}}