{"id":5951,"date":"2022-07-08T11:19:51","date_gmt":"2022-07-08T14:19:51","guid":{"rendered":"https:\/\/blogs.correiobraziliense.com.br\/lianasabo\/?p=5951"},"modified":"2022-07-08T11:19:51","modified_gmt":"2022-07-08T14:19:51","slug":"noite-de-fado-no-restaurante-o-tuga-no-casa-park","status":"publish","type":"post","link":"https:\/\/blogs.correiobraziliense.com.br\/lianasabo\/noite-de-fado-no-restaurante-o-tuga-no-casa-park\/","title":{"rendered":"Noite de fado no restaurante O Tuga, no Casa Park"},"content":{"rendered":"<p>Inaugurado h\u00e1 um m\u00eas no Casa Park, o restaurante de culin\u00e1ria portuguesa O Tuga abre as portas amanh\u00e3 (9) para Noite dos Fados, a partir das 20h30, com a apresenta\u00e7\u00e3o da dupla do fado gitano composto pelo fadista portugu\u00eas Francisco Bandarra, formado pela Escola de M\u00fasica de Bras\u00edlia, e o brasileiro Lucas Trigueiro, graduado na Berklee College of Music. Reservas: 98627-1122.<\/p>\n","protected":false},"excerpt":{"rendered":"<p>Inaugurado h\u00e1 um m\u00eas no Casa Park, o restaurante de culin\u00e1ria portuguesa O Tuga abre as portas amanh\u00e3 (9) para Noite dos Fados, a partir das 20h30, com a apresenta\u00e7\u00e3o da dupla do fado gitano composto pelo fadista portugu\u00eas Francisco Bandarra, formado pela Escola de M\u00fasica de Bras\u00edlia, e o brasileiro Lucas Trigueiro, graduado na Berklee College of Music. Reservas: [&hellip;]<\/p>\n","protected":false},"author":54,"featured_media":5952,"comment_status":"open","ping_status":"open","sticky":false,"template":"","format":"standard","meta":{"footnotes":""},"categories":[486],"tags":[528,261],"class_list":["post-5951","post","type-post","status-publish","format-standard","has-post-thumbnail","hentry","category-evento","tag-fado","tag-o-tuga"],"_links":{"self":[{"href":"https:\/\/blogs.correiobraziliense.com.br\/lianasabo\/wp-json\/wp\/v2\/posts\/5951","targetHints":{"allow":["GET"]}}],"collection":[{"href":"https:\/\/blogs.correiobraziliense.com.br\/lianasabo\/wp-json\/wp\/v2\/posts"}],"about":[{"href":"https:\/\/blogs.correiobraziliense.com.br\/lianasabo\/wp-json\/wp\/v2\/types\/post"}],"author":[{"embeddable":true,"href":"https:\/\/blogs.correiobraziliense.com.br\/lianasabo\/wp-json\/wp\/v2\/users\/54"}],"replies":[{"embeddable":true,"href":"https:\/\/blogs.correiobraziliense.com.br\/lianasabo\/wp-json\/wp\/v2\/comments?post=5951"}],"version-history":[{"count":1,"href":"https:\/\/blogs.correiobraziliense.com.br\/lianasabo\/wp-json\/wp\/v2\/posts\/5951\/revisions"}],"predecessor-version":[{"id":5953,"href":"https:\/\/blogs.correiobraziliense.com.br\/lianasabo\/wp-json\/wp\/v2\/posts\/5951\/revisions\/5953"}],"wp:featuredmedia":[{"embeddable":true,"href":"https:\/\/blogs.correiobraziliense.com.br\/lianasabo\/wp-json\/wp\/v2\/media\/5952"}],"wp:attachment":[{"href":"https:\/\/blogs.correiobraziliense.com.br\/lianasabo\/wp-json\/wp\/v2\/media?parent=5951"}],"wp:term":[{"taxonomy":"category","embeddable":true,"href":"https:\/\/blogs.correiobraziliense.com.br\/lianasabo\/wp-json\/wp\/v2\/categories?post=5951"},{"taxonomy":"post_tag","embeddable":true,"href":"https:\/\/blogs.correiobraziliense.com.br\/lianasabo\/wp-json\/wp\/v2\/tags?post=5951"}],"curies":[{"name":"wp","href":"https:\/\/api.w.org\/{rel}","templated":true}]}}