{"id":5914,"date":"2022-07-01T09:00:55","date_gmt":"2022-07-01T12:00:55","guid":{"rendered":"https:\/\/blogs.correiobraziliense.com.br\/lianasabo\/?p=5914"},"modified":"2022-07-01T09:00:55","modified_gmt":"2022-07-01T12:00:55","slug":"menu-do-restaurante-do-hotel-bella-gramado-tem-pratos-tipicos-da-culinaria-alema","status":"publish","type":"post","link":"https:\/\/blogs.correiobraziliense.com.br\/lianasabo\/menu-do-restaurante-do-hotel-bella-gramado-tem-pratos-tipicos-da-culinaria-alema\/","title":{"rendered":"Menu do restaurante do hotel Bella Gramado tem pratos t\u00edpicos da culin\u00e1ria alem\u00e3"},"content":{"rendered":"<p>Al\u00e9m dos parques tem\u00e1ticos, o grupo Gramado Parks mant\u00e9m tr\u00eas hot\u00e9is na cidade, entre eles, o Bella Gramado, inaugurado em mar\u00e7o do ano passado, no lugar onde existiu o Caf\u00e9 Colonial Bela Vista, fundado h\u00e1 50 anos pela fam\u00edlia Caliari, a qual pertence o executivo Anderson Caliari, de 41 anos, presidente da Gramado Parks. Filho de pai de origem italiana e m\u00e3e, alem\u00e3, Anderson tem loucura pelas cucas de Dona Lira, que passou a receita para que fossem produzidas no hotel, inspirado na arquitetura b\u00e1vara. O espa\u00e7o conta com roda d\u00b4\u00e1gua e os fornos originais do Caf\u00e9 ainda em funcionamento.<\/p>\n<figure id=\"attachment_5916\" aria-describedby=\"caption-attachment-5916\" style=\"width: 300px\" class=\"wp-caption alignleft\"><a href=\"https:\/\/blogs.correiobraziliense.com.br\/lianasabo\/wp-content\/uploads\/sites\/25\/2022\/07\/WhatsApp-Image-2022-06-30-at-18.27.14.jpeg\"><img loading=\"lazy\" decoding=\"async\" class=\"size-medium wp-image-5916\" src=\"https:\/\/blogs.correiobraziliense.com.br\/lianasabo\/wp-content\/uploads\/sites\/25\/2022\/07\/WhatsApp-Image-2022-06-30-at-18.27.14-300x225.jpeg\" alt=\"\" width=\"300\" height=\"225\" srcset=\"https:\/\/blogs.correiobraziliense.com.br\/lianasabo\/wp-content\/uploads\/sites\/25\/2022\/07\/WhatsApp-Image-2022-06-30-at-18.27.14-300x225.jpeg 300w, https:\/\/blogs.correiobraziliense.com.br\/lianasabo\/wp-content\/uploads\/sites\/25\/2022\/07\/WhatsApp-Image-2022-06-30-at-18.27.14-768x576.jpeg 768w, https:\/\/blogs.correiobraziliense.com.br\/lianasabo\/wp-content\/uploads\/sites\/25\/2022\/07\/WhatsApp-Image-2022-06-30-at-18.27.14.jpeg 1024w, https:\/\/blogs.correiobraziliense.com.br\/lianasabo\/wp-content\/uploads\/sites\/25\/2022\/07\/WhatsApp-Image-2022-06-30-at-18.27.14-800x600.jpeg 800w, https:\/\/blogs.correiobraziliense.com.br\/lianasabo\/wp-content\/uploads\/sites\/25\/2022\/07\/WhatsApp-Image-2022-06-30-at-18.27.14-550x413.jpeg 550w, https:\/\/blogs.correiobraziliense.com.br\/lianasabo\/wp-content\/uploads\/sites\/25\/2022\/07\/WhatsApp-Image-2022-06-30-at-18.27.14-230x173.jpeg 230w\" sizes=\"auto, (max-width: 300px) 100vw, 300px\" \/><\/a><figcaption id=\"caption-attachment-5916\" class=\"wp-caption-text\">Schnitzel de carne com pur\u00ea de batata e repolho roxo com ma\u00e7\u00e3. Cr\u00e9dito: Liana Sabo\/CB\/D.A Press<\/figcaption><\/figure>\n<p>Feita com massa entre o p\u00e3o e o bolo, a cuca leva por cima uma camada \u00e0 base de manteiga, a\u00e7\u00facar e pouca farinha de trigo, chamada Streusel, que fica deliciosamente crocante depois de assada, e pode ter diversos recheios.<\/p>\n<p>O restaurante do hotel segue a tradi\u00e7\u00e3o e oferece no menu pratos t\u00edpicos da culin\u00e1ria alem\u00e3, como Eisbein (joelho de porco com chucrute e batata r\u00fastica (R$ 69); Schnitzel, (fil\u00e9 de lombo de porco empanado servido com pur\u00ea de batata e apfelrotkohl (repolho roxo com ma\u00e7\u00e3) regado ao molho de cogumelos serranos (R$ 67) e truta grelhada ao perfume de lim\u00e3o siciliano servida sobre velout\u00e9 de batata baroa e tomatinhos confit (R$ 59), al\u00e9m de stinco de cordeiro e confit de pato.<\/p>\n<p><em>*A colunista viajou a convite da Gramado Parks.<\/em><\/p>\n","protected":false},"excerpt":{"rendered":"<p>Al\u00e9m dos parques tem\u00e1ticos, o grupo Gramado Parks mant\u00e9m tr\u00eas hot\u00e9is na cidade, entre eles, o Bella Gramado, inaugurado em mar\u00e7o do ano passado, no lugar onde existiu o Caf\u00e9 Colonial Bela Vista, fundado h\u00e1 50 anos pela fam\u00edlia Caliari, a qual pertence o executivo Anderson Caliari, de 41 anos, presidente da Gramado Parks. Filho de pai de origem italiana [&hellip;]<\/p>\n","protected":false},"author":54,"featured_media":5915,"comment_status":"open","ping_status":"open","sticky":false,"template":"","format":"standard","meta":{"footnotes":""},"categories":[1],"tags":[521,520,516],"class_list":["post-5914","post","type-post","status-publish","format-standard","has-post-thumbnail","hentry","category-sem-categoria","tag-bella-gramado","tag-cuca-alema","tag-gramado"],"_links":{"self":[{"href":"https:\/\/blogs.correiobraziliense.com.br\/lianasabo\/wp-json\/wp\/v2\/posts\/5914","targetHints":{"allow":["GET"]}}],"collection":[{"href":"https:\/\/blogs.correiobraziliense.com.br\/lianasabo\/wp-json\/wp\/v2\/posts"}],"about":[{"href":"https:\/\/blogs.correiobraziliense.com.br\/lianasabo\/wp-json\/wp\/v2\/types\/post"}],"author":[{"embeddable":true,"href":"https:\/\/blogs.correiobraziliense.com.br\/lianasabo\/wp-json\/wp\/v2\/users\/54"}],"replies":[{"embeddable":true,"href":"https:\/\/blogs.correiobraziliense.com.br\/lianasabo\/wp-json\/wp\/v2\/comments?post=5914"}],"version-history":[{"count":2,"href":"https:\/\/blogs.correiobraziliense.com.br\/lianasabo\/wp-json\/wp\/v2\/posts\/5914\/revisions"}],"predecessor-version":[{"id":5918,"href":"https:\/\/blogs.correiobraziliense.com.br\/lianasabo\/wp-json\/wp\/v2\/posts\/5914\/revisions\/5918"}],"wp:featuredmedia":[{"embeddable":true,"href":"https:\/\/blogs.correiobraziliense.com.br\/lianasabo\/wp-json\/wp\/v2\/media\/5915"}],"wp:attachment":[{"href":"https:\/\/blogs.correiobraziliense.com.br\/lianasabo\/wp-json\/wp\/v2\/media?parent=5914"}],"wp:term":[{"taxonomy":"category","embeddable":true,"href":"https:\/\/blogs.correiobraziliense.com.br\/lianasabo\/wp-json\/wp\/v2\/categories?post=5914"},{"taxonomy":"post_tag","embeddable":true,"href":"https:\/\/blogs.correiobraziliense.com.br\/lianasabo\/wp-json\/wp\/v2\/tags?post=5914"}],"curies":[{"name":"wp","href":"https:\/\/api.w.org\/{rel}","templated":true}]}}