{"id":5902,"date":"2022-06-29T15:25:50","date_gmt":"2022-06-29T18:25:50","guid":{"rendered":"https:\/\/blogs.correiobraziliense.com.br\/lianasabo\/?p=5902"},"modified":"2022-06-29T15:25:50","modified_gmt":"2022-06-29T18:25:50","slug":"cardapio-inspirado-nas-comidas-de-sao-joao-no-mezanino","status":"publish","type":"post","link":"https:\/\/blogs.correiobraziliense.com.br\/lianasabo\/cardapio-inspirado-nas-comidas-de-sao-joao-no-mezanino\/","title":{"rendered":"Card\u00e1pio inspirado nas comidas de s\u00e3o-jo\u00e3o no Mezanino"},"content":{"rendered":"<p>Durante o m\u00eas de julho, o restaurante Mezanino (Torre de TV) abrigar\u00e1 o Festival Gastron\u00f4mico Julino com comidas t\u00edpicas das festas de S\u00e3o Jo\u00e3o. O card\u00e1pio inspirado no festejo inclui prato principal e sobremesa (R$ 79 o combo), e drinque (R$ 34), servidos no almo\u00e7o e no jantar. A entrada no local custa R$ 15 (taxa de manuten\u00e7\u00e3o).<\/p>\n<p>A grande estrela do menu \u00e9 a costelinha su\u00edna servida com polenta trufada com pesto de r\u00facula e parmes\u00e3o, ketchup de goiaba e farofa de castanha-do-par\u00e1 e caju. Para ado\u00e7ar o paladar, tem o curau br\u00fbl\u00e9e com sorvete de pa\u00e7oquinha e tuille de tapioca.<\/p>\n<p>Batizado de Maria Bonita e Lampi\u00e3o, o drinque leva cacha\u00e7a envelhecia em b\u00e1lsamo, mela\u00e7o de cana, lim\u00e3o-cravo e licor Amaro Lucano. A bebida \u00e9 harmonizada com uma lasca tostada de queijo minas que decora a ta\u00e7a. Reservas: (61) 99167-7812.<\/p>\n","protected":false},"excerpt":{"rendered":"<p>Durante o m\u00eas de julho, o restaurante Mezanino (Torre de TV) abrigar\u00e1 o Festival Gastron\u00f4mico Julino com comidas t\u00edpicas das festas de S\u00e3o Jo\u00e3o. O card\u00e1pio inspirado no festejo inclui prato principal e sobremesa (R$ 79 o combo), e drinque (R$ 34), servidos no almo\u00e7o e no jantar. A entrada no local custa R$ 15 (taxa de manuten\u00e7\u00e3o). A grande [&hellip;]<\/p>\n","protected":false},"author":54,"featured_media":5904,"comment_status":"open","ping_status":"open","sticky":false,"template":"","format":"standard","meta":{"footnotes":""},"categories":[426],"tags":[511,514,362,512,513],"class_list":["post-5902","post","type-post","status-publish","format-standard","has-post-thumbnail","hentry","category-festival-gastronomico","tag-festa-junina","tag-festival-gastronomico-julino","tag-mezanino","tag-sao-joao","tag-torre-de-tv"],"_links":{"self":[{"href":"https:\/\/blogs.correiobraziliense.com.br\/lianasabo\/wp-json\/wp\/v2\/posts\/5902","targetHints":{"allow":["GET"]}}],"collection":[{"href":"https:\/\/blogs.correiobraziliense.com.br\/lianasabo\/wp-json\/wp\/v2\/posts"}],"about":[{"href":"https:\/\/blogs.correiobraziliense.com.br\/lianasabo\/wp-json\/wp\/v2\/types\/post"}],"author":[{"embeddable":true,"href":"https:\/\/blogs.correiobraziliense.com.br\/lianasabo\/wp-json\/wp\/v2\/users\/54"}],"replies":[{"embeddable":true,"href":"https:\/\/blogs.correiobraziliense.com.br\/lianasabo\/wp-json\/wp\/v2\/comments?post=5902"}],"version-history":[{"count":1,"href":"https:\/\/blogs.correiobraziliense.com.br\/lianasabo\/wp-json\/wp\/v2\/posts\/5902\/revisions"}],"predecessor-version":[{"id":5905,"href":"https:\/\/blogs.correiobraziliense.com.br\/lianasabo\/wp-json\/wp\/v2\/posts\/5902\/revisions\/5905"}],"wp:featuredmedia":[{"embeddable":true,"href":"https:\/\/blogs.correiobraziliense.com.br\/lianasabo\/wp-json\/wp\/v2\/media\/5904"}],"wp:attachment":[{"href":"https:\/\/blogs.correiobraziliense.com.br\/lianasabo\/wp-json\/wp\/v2\/media?parent=5902"}],"wp:term":[{"taxonomy":"category","embeddable":true,"href":"https:\/\/blogs.correiobraziliense.com.br\/lianasabo\/wp-json\/wp\/v2\/categories?post=5902"},{"taxonomy":"post_tag","embeddable":true,"href":"https:\/\/blogs.correiobraziliense.com.br\/lianasabo\/wp-json\/wp\/v2\/tags?post=5902"}],"curies":[{"name":"wp","href":"https:\/\/api.w.org\/{rel}","templated":true}]}}