{"id":589,"date":"2016-10-21T09:00:16","date_gmt":"2016-10-21T11:00:16","guid":{"rendered":"https:\/\/blogs.correiobraziliense.com.br\/lianasabo\/?p=589"},"modified":"2016-10-20T17:50:58","modified_gmt":"2016-10-20T19:50:58","slug":"brasilia-ganha-outra-boutique-nespresso","status":"publish","type":"post","link":"https:\/\/blogs.correiobraziliense.com.br\/lianasabo\/brasilia-ganha-outra-boutique-nespresso\/","title":{"rendered":"Bras\u00edlia ganha outra boutique Nespresso"},"content":{"rendered":"<p>Os apaixonados por caf\u00e9 t\u00eam mais um local para abastecer a caixa de c\u00e1psulas da Nespresso. Depois de muito tempo somente no Iguatemi, a marca chega ao ParkShopping, onde abriu uma boutique tempor\u00e1ria. O quiosque fica no t\u00e9rreo, pertinho da Daslu e estar\u00e1 l\u00e1 por um ano.<\/p>\n<p>Est\u00e3o dispon\u00edveis 24 blends da marca de caf\u00e9 espresso mais famosa do Brasil. J\u00e1 as disputadas m\u00e1quinas poder\u00e3o ser encontradas em lojas pelo mall.<\/p>\n","protected":false},"excerpt":{"rendered":"<p>Os apaixonados por caf\u00e9 t\u00eam mais um local para abastecer a caixa de c\u00e1psulas da Nespresso. Depois de muito tempo somente no Iguatemi, a marca chega ao ParkShopping, onde abriu uma boutique tempor\u00e1ria. O quiosque fica no t\u00e9rreo, pertinho da Daslu e estar\u00e1 l\u00e1 por um ano. Est\u00e3o dispon\u00edveis 24 blends da marca de caf\u00e9 espresso mais famosa do Brasil. [&hellip;]<\/p>\n","protected":false},"author":54,"featured_media":590,"comment_status":"open","ping_status":"open","sticky":false,"template":"","format":"standard","meta":{"footnotes":""},"categories":[1],"tags":[],"class_list":["post-589","post","type-post","status-publish","format-standard","has-post-thumbnail","hentry","category-sem-categoria"],"_links":{"self":[{"href":"https:\/\/blogs.correiobraziliense.com.br\/lianasabo\/wp-json\/wp\/v2\/posts\/589","targetHints":{"allow":["GET"]}}],"collection":[{"href":"https:\/\/blogs.correiobraziliense.com.br\/lianasabo\/wp-json\/wp\/v2\/posts"}],"about":[{"href":"https:\/\/blogs.correiobraziliense.com.br\/lianasabo\/wp-json\/wp\/v2\/types\/post"}],"author":[{"embeddable":true,"href":"https:\/\/blogs.correiobraziliense.com.br\/lianasabo\/wp-json\/wp\/v2\/users\/54"}],"replies":[{"embeddable":true,"href":"https:\/\/blogs.correiobraziliense.com.br\/lianasabo\/wp-json\/wp\/v2\/comments?post=589"}],"version-history":[{"count":1,"href":"https:\/\/blogs.correiobraziliense.com.br\/lianasabo\/wp-json\/wp\/v2\/posts\/589\/revisions"}],"predecessor-version":[{"id":591,"href":"https:\/\/blogs.correiobraziliense.com.br\/lianasabo\/wp-json\/wp\/v2\/posts\/589\/revisions\/591"}],"wp:featuredmedia":[{"embeddable":true,"href":"https:\/\/blogs.correiobraziliense.com.br\/lianasabo\/wp-json\/wp\/v2\/media\/590"}],"wp:attachment":[{"href":"https:\/\/blogs.correiobraziliense.com.br\/lianasabo\/wp-json\/wp\/v2\/media?parent=589"}],"wp:term":[{"taxonomy":"category","embeddable":true,"href":"https:\/\/blogs.correiobraziliense.com.br\/lianasabo\/wp-json\/wp\/v2\/categories?post=589"},{"taxonomy":"post_tag","embeddable":true,"href":"https:\/\/blogs.correiobraziliense.com.br\/lianasabo\/wp-json\/wp\/v2\/tags?post=589"}],"curies":[{"name":"wp","href":"https:\/\/api.w.org\/{rel}","templated":true}]}}