{"id":5872,"date":"2022-06-24T06:32:28","date_gmt":"2022-06-24T09:32:28","guid":{"rendered":"https:\/\/blogs.correiobraziliense.com.br\/lianasabo\/?p=5872"},"modified":"2022-06-24T08:15:47","modified_gmt":"2022-06-24T11:15:47","slug":"suino-organico-na-casa-do-porco-em-sao-paulo","status":"publish","type":"post","link":"https:\/\/blogs.correiobraziliense.com.br\/lianasabo\/suino-organico-na-casa-do-porco-em-sao-paulo\/","title":{"rendered":"Su\u00edno org\u00e2nico na Casa do Porco, em S\u00e3o Paulo"},"content":{"rendered":"<p>\u201cUma celebra\u00e7\u00e3o do porco em in\u00fameras formas\u201d, escreveu a revista londrina <em>Restaurant<\/em> na apresenta\u00e7\u00e3o do \u00fanico brasileiro a integrar o ranking dos 50 melhores restaurantes do mundo em 2021, quando a Casa do Porco de S\u00e3o Paulo ocupou a 17\u00aa posi\u00e7\u00e3o. Na \u00e9poca da quarentena, que obrigou os estabelecimentos a fechar as portas, Jefferson e Jana\u00edna Rueda optaram por entregar uma caixa \u2013 no estilo de um bent\u00f4 japon\u00eas \u2013 com os itens mais apreciados, que variavam conforme a disponibilidade de ingredientes, sem nunca faltar nela o Porco San Z\u00e9.<\/p>\n<p>Temperado apenas com salmoura e assado na brasa por cerca de oito horas, o porco caipira San Z\u00e9 \u201cnasceu no Paraguai, mas s\u00f3 foi batizado, educado, consagrado e transformado em celebridade em S\u00e3o Jos\u00e9 do Rio Pardo (terra natal de Jefferson)\u201d, explica o seu autor. Rueda o apresenta como o \u00e1pice do banquete gastron\u00f4mico composto de v\u00e1rias etapas: Ora pro nobis, lardo, c\u00edtricos e favo de mel; milho crioulo, flor de copa lombo curada e bottarga de gema caipira; cabe\u00e7a de porco, abacaxi, amendoim e flores.<\/p>\n<div id='gallery-1' class='gallery galleryid-5872 gallery-columns-3 gallery-size-full'><figure class='gallery-item'>\n\t\t\t<div class='gallery-icon landscape'>\n\t\t\t\t<a href='https:\/\/blogs.correiobraziliense.com.br\/lianasabo\/suino-organico-na-casa-do-porco-em-sao-paulo\/a-casa-do-porco_umbigo-de-porco-azeite-de-urucum-consome-legumes-soja-fermentada_cred-mauro-holanda\/'><img loading=\"lazy\" decoding=\"async\" width=\"800\" height=\"600\" src=\"https:\/\/blogs.correiobraziliense.com.br\/lianasabo\/wp-content\/uploads\/sites\/25\/2022\/06\/A-Casa-do-Porco_Umbigo-de-porco-azeite-de-urucum-consom\u00e9-legumes-soja-fermentada_Cred-Mauro-Holanda.jpg\" class=\"attachment-full size-full\" alt=\"\" aria-describedby=\"gallery-1-5874\" srcset=\"https:\/\/blogs.correiobraziliense.com.br\/lianasabo\/wp-content\/uploads\/sites\/25\/2022\/06\/A-Casa-do-Porco_Umbigo-de-porco-azeite-de-urucum-consom\u00e9-legumes-soja-fermentada_Cred-Mauro-Holanda.jpg 800w, https:\/\/blogs.correiobraziliense.com.br\/lianasabo\/wp-content\/uploads\/sites\/25\/2022\/06\/A-Casa-do-Porco_Umbigo-de-porco-azeite-de-urucum-consom\u00e9-legumes-soja-fermentada_Cred-Mauro-Holanda-300x225.jpg 300w, https:\/\/blogs.correiobraziliense.com.br\/lianasabo\/wp-content\/uploads\/sites\/25\/2022\/06\/A-Casa-do-Porco_Umbigo-de-porco-azeite-de-urucum-consom\u00e9-legumes-soja-fermentada_Cred-Mauro-Holanda-768x576.jpg 768w, https:\/\/blogs.correiobraziliense.com.br\/lianasabo\/wp-content\/uploads\/sites\/25\/2022\/06\/A-Casa-do-Porco_Umbigo-de-porco-azeite-de-urucum-consom\u00e9-legumes-soja-fermentada_Cred-Mauro-Holanda-550x413.jpg 550w, https:\/\/blogs.correiobraziliense.com.br\/lianasabo\/wp-content\/uploads\/sites\/25\/2022\/06\/A-Casa-do-Porco_Umbigo-de-porco-azeite-de-urucum-consom\u00e9-legumes-soja-fermentada_Cred-Mauro-Holanda-230x173.jpg 230w\" sizes=\"auto, (max-width: 800px) 100vw, 800px\" \/><\/a>\n\t\t\t<\/div>\n\t\t\t\t<figcaption class='wp-caption-text gallery-caption' id='gallery-1-5874'>\n\t\t\t\tCr\u00e9dito: Mauro Holanda\/Divulga\u00e7\u00e3o. Umbigo de porco\n\t\t\t\t<\/figcaption><\/figure><figure class='gallery-item'>\n\t\t\t<div class='gallery-icon landscape'>\n\t\t\t\t<a href='https:\/\/blogs.correiobraziliense.com.br\/lianasabo\/suino-organico-na-casa-do-porco-em-sao-paulo\/a-casa-do-porco_-degustacao_sushi-de-papada_cred-mauro-holanda-1\/'><img loading=\"lazy\" decoding=\"async\" width=\"800\" height=\"533\" src=\"https:\/\/blogs.correiobraziliense.com.br\/lianasabo\/wp-content\/uploads\/sites\/25\/2022\/06\/A-Casa-do-Porco_-Degusta\u00e7\u00e3o_Sushi-de-papada_Cred-Mauro-Holanda-1.jpg\" class=\"attachment-full size-full\" alt=\"\" aria-describedby=\"gallery-1-5875\" srcset=\"https:\/\/blogs.correiobraziliense.com.br\/lianasabo\/wp-content\/uploads\/sites\/25\/2022\/06\/A-Casa-do-Porco_-Degusta\u00e7\u00e3o_Sushi-de-papada_Cred-Mauro-Holanda-1.jpg 800w, https:\/\/blogs.correiobraziliense.com.br\/lianasabo\/wp-content\/uploads\/sites\/25\/2022\/06\/A-Casa-do-Porco_-Degusta\u00e7\u00e3o_Sushi-de-papada_Cred-Mauro-Holanda-1-300x200.jpg 300w, https:\/\/blogs.correiobraziliense.com.br\/lianasabo\/wp-content\/uploads\/sites\/25\/2022\/06\/A-Casa-do-Porco_-Degusta\u00e7\u00e3o_Sushi-de-papada_Cred-Mauro-Holanda-1-768x512.jpg 768w, https:\/\/blogs.correiobraziliense.com.br\/lianasabo\/wp-content\/uploads\/sites\/25\/2022\/06\/A-Casa-do-Porco_-Degusta\u00e7\u00e3o_Sushi-de-papada_Cred-Mauro-Holanda-1-550x366.jpg 550w, https:\/\/blogs.correiobraziliense.com.br\/lianasabo\/wp-content\/uploads\/sites\/25\/2022\/06\/A-Casa-do-Porco_-Degusta\u00e7\u00e3o_Sushi-de-papada_Cred-Mauro-Holanda-1-230x153.jpg 230w\" sizes=\"auto, (max-width: 800px) 100vw, 800px\" \/><\/a>\n\t\t\t<\/div>\n\t\t\t\t<figcaption class='wp-caption-text gallery-caption' id='gallery-1-5875'>\n\t\t\t\tCr\u00e9dito: Mauro Holanda\/Divulga\u00e7\u00e3o. Sushi de papada\n\t\t\t\t<\/figcaption><\/figure><figure class='gallery-item'>\n\t\t\t<div class='gallery-icon landscape'>\n\t\t\t\t<a href='https:\/\/blogs.correiobraziliense.com.br\/lianasabo\/suino-organico-na-casa-do-porco-em-sao-paulo\/a-casa-do-porco_-degustacao_pancetta-de-goiabada_cred-mauro-holanda\/'><img loading=\"lazy\" decoding=\"async\" width=\"800\" height=\"600\" src=\"https:\/\/blogs.correiobraziliense.com.br\/lianasabo\/wp-content\/uploads\/sites\/25\/2022\/06\/A-Casa-do-Porco_-Degusta\u00e7\u00e3o_Pancetta-de-Goiabada_Cred-Mauro-Holanda.jpg\" class=\"attachment-full size-full\" alt=\"\" aria-describedby=\"gallery-1-5876\" srcset=\"https:\/\/blogs.correiobraziliense.com.br\/lianasabo\/wp-content\/uploads\/sites\/25\/2022\/06\/A-Casa-do-Porco_-Degusta\u00e7\u00e3o_Pancetta-de-Goiabada_Cred-Mauro-Holanda.jpg 800w, https:\/\/blogs.correiobraziliense.com.br\/lianasabo\/wp-content\/uploads\/sites\/25\/2022\/06\/A-Casa-do-Porco_-Degusta\u00e7\u00e3o_Pancetta-de-Goiabada_Cred-Mauro-Holanda-300x225.jpg 300w, https:\/\/blogs.correiobraziliense.com.br\/lianasabo\/wp-content\/uploads\/sites\/25\/2022\/06\/A-Casa-do-Porco_-Degusta\u00e7\u00e3o_Pancetta-de-Goiabada_Cred-Mauro-Holanda-768x576.jpg 768w, https:\/\/blogs.correiobraziliense.com.br\/lianasabo\/wp-content\/uploads\/sites\/25\/2022\/06\/A-Casa-do-Porco_-Degusta\u00e7\u00e3o_Pancetta-de-Goiabada_Cred-Mauro-Holanda-550x413.jpg 550w, https:\/\/blogs.correiobraziliense.com.br\/lianasabo\/wp-content\/uploads\/sites\/25\/2022\/06\/A-Casa-do-Porco_-Degusta\u00e7\u00e3o_Pancetta-de-Goiabada_Cred-Mauro-Holanda-230x173.jpg 230w\" sizes=\"auto, (max-width: 800px) 100vw, 800px\" \/><\/a>\n\t\t\t<\/div>\n\t\t\t\t<figcaption class='wp-caption-text gallery-caption' id='gallery-1-5876'>\n\t\t\t\tCr\u00e9dido: Mauro Holanda\/Divulga\u00e7\u00e3o. Pancetta de goiabada\n\t\t\t\t<\/figcaption><\/figure>\n\t\t<\/div>\n\n<p>Ainda vem peixe com urtiga, bacon e raspa de lim\u00e3o; tartar de porco com nori, abacate e ervas frescas. Segue sushi de papada com tucupi negro e ameixa fermentada para dar lugar a pancetta com goiabada, prato ic\u00f4nico da casa desde 2015. Ainda vem codeguim, porquinho frito e umbigo de porco com azeite de urucum, consom\u00e9 de legumes tostados e soja fermentada. Na sobremesa, sorvete de beterraba que traz o gosto da terra e explode num suspiro de broto de coentro resumindo o mais t\u00edpico sabor da ro\u00e7a surpreendendo o paladar pela alta qualidade e refinada sofistica\u00e7\u00e3o.<\/p>\n","protected":false},"excerpt":{"rendered":"<p>\u201cUma celebra\u00e7\u00e3o do porco em in\u00fameras formas\u201d, escreveu a revista londrina Restaurant na apresenta\u00e7\u00e3o do \u00fanico brasileiro a integrar o ranking dos 50 melhores restaurantes do mundo em 2021, quando a Casa do Porco de S\u00e3o Paulo ocupou a 17\u00aa posi\u00e7\u00e3o. Na \u00e9poca da quarentena, que obrigou os estabelecimentos a fechar as portas, Jefferson e Jana\u00edna Rueda optaram por entregar [&hellip;]<\/p>\n","protected":false},"author":54,"featured_media":5873,"comment_status":"open","ping_status":"open","sticky":false,"template":"","format":"standard","meta":{"footnotes":""},"categories":[326],"tags":[508,507],"class_list":["post-5872","post","type-post","status-publish","format-standard","has-post-thumbnail","hentry","category-restaurantes","tag-casa-do-porco","tag-sao-paulo"],"_links":{"self":[{"href":"https:\/\/blogs.correiobraziliense.com.br\/lianasabo\/wp-json\/wp\/v2\/posts\/5872","targetHints":{"allow":["GET"]}}],"collection":[{"href":"https:\/\/blogs.correiobraziliense.com.br\/lianasabo\/wp-json\/wp\/v2\/posts"}],"about":[{"href":"https:\/\/blogs.correiobraziliense.com.br\/lianasabo\/wp-json\/wp\/v2\/types\/post"}],"author":[{"embeddable":true,"href":"https:\/\/blogs.correiobraziliense.com.br\/lianasabo\/wp-json\/wp\/v2\/users\/54"}],"replies":[{"embeddable":true,"href":"https:\/\/blogs.correiobraziliense.com.br\/lianasabo\/wp-json\/wp\/v2\/comments?post=5872"}],"version-history":[{"count":2,"href":"https:\/\/blogs.correiobraziliense.com.br\/lianasabo\/wp-json\/wp\/v2\/posts\/5872\/revisions"}],"predecessor-version":[{"id":5895,"href":"https:\/\/blogs.correiobraziliense.com.br\/lianasabo\/wp-json\/wp\/v2\/posts\/5872\/revisions\/5895"}],"wp:featuredmedia":[{"embeddable":true,"href":"https:\/\/blogs.correiobraziliense.com.br\/lianasabo\/wp-json\/wp\/v2\/media\/5873"}],"wp:attachment":[{"href":"https:\/\/blogs.correiobraziliense.com.br\/lianasabo\/wp-json\/wp\/v2\/media?parent=5872"}],"wp:term":[{"taxonomy":"category","embeddable":true,"href":"https:\/\/blogs.correiobraziliense.com.br\/lianasabo\/wp-json\/wp\/v2\/categories?post=5872"},{"taxonomy":"post_tag","embeddable":true,"href":"https:\/\/blogs.correiobraziliense.com.br\/lianasabo\/wp-json\/wp\/v2\/tags?post=5872"}],"curies":[{"name":"wp","href":"https:\/\/api.w.org\/{rel}","templated":true}]}}