{"id":5867,"date":"2022-06-23T06:22:20","date_gmt":"2022-06-23T09:22:20","guid":{"rendered":"https:\/\/blogs.correiobraziliense.com.br\/lianasabo\/?p=5867"},"modified":"2022-06-22T11:25:15","modified_gmt":"2022-06-22T14:25:15","slug":"paella-caldos-e-queijos-no-menu-do-1o-festival-jazz-do-lago-oeste","status":"publish","type":"post","link":"https:\/\/blogs.correiobraziliense.com.br\/lianasabo\/paella-caldos-e-queijos-no-menu-do-1o-festival-jazz-do-lago-oeste\/","title":{"rendered":"Paella, caldos e queijos no menu do 1\u00ba Festival Jazz do Lago Oeste"},"content":{"rendered":"<p>A regi\u00e3o do Lago Oeste receber\u00e1 nos dias 24 e 25, a partir das 19h, a primeira edi\u00e7\u00e3o de um festival de jazz, na ch\u00e1cara Cantinho do C\u00e9u (Rodovia DF 001, ch\u00e1cara 45), que faz parte da rota tur\u00edstica do local. Al\u00e9m da m\u00fasica, o evento ter\u00e1 um espa\u00e7o gourmet para o p\u00fablico desfrutar da boa gastronomia da \u00e1rea.<\/p>\n<p>O restaurante Brasis Ateli\u00ea Gastron\u00f4mico servir\u00e1 paella. Quem quiser fugir do frio, pode optar pelos caldos de carne e vegano, da Cozinha da Eva, ou o caldo de cogumelos, da Cogu Brasiliense, que tamb\u00e9m ter\u00e1 petiscos em seu menu. A Queijaria Rancharia e o Sitio Vila das Cabras estar\u00e3o com queijos. J\u00e1 o Espa\u00e7o Neve servir\u00e1 crepes e a Confeitaria da Nany, doces.<\/p>\n<p>Entre as op\u00e7\u00f5es de bebidas, o evento ter\u00e1 chope e vinhos, quent\u00e3o, al\u00e9m das de cervejas artesanais das cervejarias Capivara e E.T. Os ingressos custam R$ 50 (um dia) e R$ 90 (passaporte). \u00c0 venda no site <a href=\"https:\/\/www.sympla.com.br\/evento\/festival-de-jazz-do-lago-oeste\/1567469\">Sympla<\/a>. Informa\u00e7\u00f5es: (61) 99254-1551.<\/p>\n","protected":false},"excerpt":{"rendered":"<p>A regi\u00e3o do Lago Oeste receber\u00e1 nos dias 24 e 25, a partir das 19h, a primeira edi\u00e7\u00e3o de um festival de jazz, na ch\u00e1cara Cantinho do C\u00e9u (Rodovia DF 001, ch\u00e1cara 45), que faz parte da rota tur\u00edstica do local. Al\u00e9m da m\u00fasica, o evento ter\u00e1 um espa\u00e7o gourmet para o p\u00fablico desfrutar da boa gastronomia da \u00e1rea. O [&hellip;]<\/p>\n","protected":false},"author":54,"featured_media":5868,"comment_status":"open","ping_status":"open","sticky":false,"template":"","format":"standard","meta":{"footnotes":""},"categories":[201],"tags":[503,348,504],"class_list":["post-5867","post","type-post","status-publish","format-standard","has-post-thumbnail","hentry","category-festival","tag-festival-jazz-do-lago-oeste","tag-menu","tag-paella"],"_links":{"self":[{"href":"https:\/\/blogs.correiobraziliense.com.br\/lianasabo\/wp-json\/wp\/v2\/posts\/5867","targetHints":{"allow":["GET"]}}],"collection":[{"href":"https:\/\/blogs.correiobraziliense.com.br\/lianasabo\/wp-json\/wp\/v2\/posts"}],"about":[{"href":"https:\/\/blogs.correiobraziliense.com.br\/lianasabo\/wp-json\/wp\/v2\/types\/post"}],"author":[{"embeddable":true,"href":"https:\/\/blogs.correiobraziliense.com.br\/lianasabo\/wp-json\/wp\/v2\/users\/54"}],"replies":[{"embeddable":true,"href":"https:\/\/blogs.correiobraziliense.com.br\/lianasabo\/wp-json\/wp\/v2\/comments?post=5867"}],"version-history":[{"count":1,"href":"https:\/\/blogs.correiobraziliense.com.br\/lianasabo\/wp-json\/wp\/v2\/posts\/5867\/revisions"}],"predecessor-version":[{"id":5869,"href":"https:\/\/blogs.correiobraziliense.com.br\/lianasabo\/wp-json\/wp\/v2\/posts\/5867\/revisions\/5869"}],"wp:featuredmedia":[{"embeddable":true,"href":"https:\/\/blogs.correiobraziliense.com.br\/lianasabo\/wp-json\/wp\/v2\/media\/5868"}],"wp:attachment":[{"href":"https:\/\/blogs.correiobraziliense.com.br\/lianasabo\/wp-json\/wp\/v2\/media?parent=5867"}],"wp:term":[{"taxonomy":"category","embeddable":true,"href":"https:\/\/blogs.correiobraziliense.com.br\/lianasabo\/wp-json\/wp\/v2\/categories?post=5867"},{"taxonomy":"post_tag","embeddable":true,"href":"https:\/\/blogs.correiobraziliense.com.br\/lianasabo\/wp-json\/wp\/v2\/tags?post=5867"}],"curies":[{"name":"wp","href":"https:\/\/api.w.org\/{rel}","templated":true}]}}