{"id":5860,"date":"2022-06-21T11:56:02","date_gmt":"2022-06-21T14:56:02","guid":{"rendered":"https:\/\/blogs.correiobraziliense.com.br\/lianasabo\/?p=5860"},"modified":"2022-06-21T11:56:02","modified_gmt":"2022-06-21T14:56:02","slug":"festival-enchefs-2022-selecionara-dois-chefs-para-representar-df-e-goias-no-premio-dolma-2022","status":"publish","type":"post","link":"https:\/\/blogs.correiobraziliense.com.br\/lianasabo\/festival-enchefs-2022-selecionara-dois-chefs-para-representar-df-e-goias-no-premio-dolma-2022\/","title":{"rendered":"Festival ENCHEFS 2022 selecionar\u00e1 dois chefs para representar DF e Goi\u00e1s no Pr\u00eamio D\u00f3lm\u00e3 2022"},"content":{"rendered":"<p>Duas das tr\u00eas vagas do Distrito Federal e de Goi\u00e1s para o Pr\u00eamio D\u00f3lm\u00e3 2022, competi\u00e7\u00e3o nacional que coroa o cozinheiro destaque do ano, sair\u00e3o do concurso gastron\u00f4mico a ser realizado no Festival ENCHEFS 2022, que ocorrer\u00e1 em 30 de junho, das 9h \u00e0s 20h, na Universidade Cat\u00f3lica de Bras\u00edlia (Taguatinga). O festival tamb\u00e9m ter\u00e1 a competi\u00e7\u00e3o de profissionais da coquetelaria. O melhor se classifica para a seletiva final no Festival ENCHEF Brasil, em Amap\u00e1. As inscri\u00e7\u00f5es est\u00e3o abertas at\u00e9 22 de junho pelo <a href=\"https:\/\/doity.com.br\/concursoenchefsdf2022\">site<\/a> por R$ 50 (chef profissional) e R$ 30 (coquetelaria profissional).<\/p>\n<figure id=\"attachment_5862\" aria-describedby=\"caption-attachment-5862\" style=\"width: 225px\" class=\"wp-caption alignright\"><a href=\"https:\/\/blogs.correiobraziliense.com.br\/lianasabo\/wp-content\/uploads\/sites\/25\/2022\/06\/WhatsApp-Image-2022-06-20-at-22.04.18.jpeg\"><img loading=\"lazy\" decoding=\"async\" class=\"size-medium wp-image-5862\" src=\"https:\/\/blogs.correiobraziliense.com.br\/lianasabo\/wp-content\/uploads\/sites\/25\/2022\/06\/WhatsApp-Image-2022-06-20-at-22.04.18-225x300.jpeg\" alt=\"\" width=\"225\" height=\"300\" srcset=\"https:\/\/blogs.correiobraziliense.com.br\/lianasabo\/wp-content\/uploads\/sites\/25\/2022\/06\/WhatsApp-Image-2022-06-20-at-22.04.18-225x300.jpeg 225w, https:\/\/blogs.correiobraziliense.com.br\/lianasabo\/wp-content\/uploads\/sites\/25\/2022\/06\/WhatsApp-Image-2022-06-20-at-22.04.18.jpeg 768w, https:\/\/blogs.correiobraziliense.com.br\/lianasabo\/wp-content\/uploads\/sites\/25\/2022\/06\/WhatsApp-Image-2022-06-20-at-22.04.18-800x1067.jpeg 800w, https:\/\/blogs.correiobraziliense.com.br\/lianasabo\/wp-content\/uploads\/sites\/25\/2022\/06\/WhatsApp-Image-2022-06-20-at-22.04.18-550x734.jpeg 550w, https:\/\/blogs.correiobraziliense.com.br\/lianasabo\/wp-content\/uploads\/sites\/25\/2022\/06\/WhatsApp-Image-2022-06-20-at-22.04.18-230x307.jpeg 230w\" sizes=\"auto, (max-width: 225px) 100vw, 225px\" \/><\/a><figcaption id=\"caption-attachment-5862\" class=\"wp-caption-text\">Rosario Tessier, chef da Trattoria Da Rosario, far\u00e1 aula-show durante o evento<\/figcaption><\/figure>\n<p>Ser\u00e3o 20 chefs divididos entre dois turnos (matutino, das 9h \u00e0s 11h, e vespertino, das 14h \u00e0s 16h) na disputa. Com o tema &#8220;Saberes e Sabores do Distrito Federal&#8221;, os profissionais ter\u00e3o que valorizar a hist\u00f3ria, a cultura e a produ\u00e7\u00e3o local usando insumos t\u00edpicos. Cada um dele, ir\u00e1 executar uma receita em at\u00e9 duas horas.<\/p>\n<p>Enquantos os cozinheiros preparam os pratos, o p\u00fablico participa de aulas-show com os chefs Gilmar Borges (9h \u00e0s 11h), Ros\u00e1rio (12h \u00e0s 14h), Andr\u00e9 Borato e Lana Roriz (14h \u00e0s 16h), e Vinicius Rossignolli (17h \u00e0s 19h).<\/p>\n<p>Os vencedores ser\u00e3o anunciados ao fim do dia. Quem passar pela etapa participa da premia\u00e7\u00e3o nacional Pr\u00eamio D\u00f3lm\u00e3 2022, em Macap\u00e1, no Amap\u00e1, em agosto.<\/p>\n<p><strong>Confira a programa\u00e7\u00e3o do ENCHEFS 2022 &#8211; Bras\u00edlia<\/strong><\/p>\n<p><strong>30\/6 (quinta-feira)<\/strong><\/p>\n<p>9h \u00e0s 11h: Prova e Aula-show com chef Gilmar Borges<br \/>\n11h \u00e0s 12h: J\u00fari &#8211; Primeira etapa<br \/>\n12h \u00e0s 14h: Aula-show com chef Ros\u00e1rio<br \/>\n14h \u00e0s 16h: Prova e Aula-show com chef Andr\u00e9 Borato e chef Lana Roriz<br \/>\n16h \u00e0s 17h: J\u00fari &#8211; Segunda etapa<br \/>\n17h \u00e0s 19h: Aula-show com chef Vinicius Rossignolli<\/p>\n","protected":false},"excerpt":{"rendered":"<p>Duas das tr\u00eas vagas do Distrito Federal e de Goi\u00e1s para o Pr\u00eamio D\u00f3lm\u00e3 2022, competi\u00e7\u00e3o nacional que coroa o cozinheiro destaque do ano, sair\u00e3o do concurso gastron\u00f4mico a ser realizado no Festival ENCHEFS 2022, que ocorrer\u00e1 em 30 de junho, das 9h \u00e0s 20h, na Universidade Cat\u00f3lica de Bras\u00edlia (Taguatinga). O festival tamb\u00e9m ter\u00e1 a competi\u00e7\u00e3o de profissionais da [&hellip;]<\/p>\n","protected":false},"author":54,"featured_media":5861,"comment_status":"open","ping_status":"open","sticky":false,"template":"","format":"standard","meta":{"footnotes":""},"categories":[201],"tags":[499,500,498,37],"class_list":["post-5860","post","type-post","status-publish","format-standard","has-post-thumbnail","hentry","category-festival","tag-competicao","tag-coquetelaria","tag-festival-enchefs-2022","tag-gastronomia"],"_links":{"self":[{"href":"https:\/\/blogs.correiobraziliense.com.br\/lianasabo\/wp-json\/wp\/v2\/posts\/5860","targetHints":{"allow":["GET"]}}],"collection":[{"href":"https:\/\/blogs.correiobraziliense.com.br\/lianasabo\/wp-json\/wp\/v2\/posts"}],"about":[{"href":"https:\/\/blogs.correiobraziliense.com.br\/lianasabo\/wp-json\/wp\/v2\/types\/post"}],"author":[{"embeddable":true,"href":"https:\/\/blogs.correiobraziliense.com.br\/lianasabo\/wp-json\/wp\/v2\/users\/54"}],"replies":[{"embeddable":true,"href":"https:\/\/blogs.correiobraziliense.com.br\/lianasabo\/wp-json\/wp\/v2\/comments?post=5860"}],"version-history":[{"count":1,"href":"https:\/\/blogs.correiobraziliense.com.br\/lianasabo\/wp-json\/wp\/v2\/posts\/5860\/revisions"}],"predecessor-version":[{"id":5863,"href":"https:\/\/blogs.correiobraziliense.com.br\/lianasabo\/wp-json\/wp\/v2\/posts\/5860\/revisions\/5863"}],"wp:featuredmedia":[{"embeddable":true,"href":"https:\/\/blogs.correiobraziliense.com.br\/lianasabo\/wp-json\/wp\/v2\/media\/5861"}],"wp:attachment":[{"href":"https:\/\/blogs.correiobraziliense.com.br\/lianasabo\/wp-json\/wp\/v2\/media?parent=5860"}],"wp:term":[{"taxonomy":"category","embeddable":true,"href":"https:\/\/blogs.correiobraziliense.com.br\/lianasabo\/wp-json\/wp\/v2\/categories?post=5860"},{"taxonomy":"post_tag","embeddable":true,"href":"https:\/\/blogs.correiobraziliense.com.br\/lianasabo\/wp-json\/wp\/v2\/tags?post=5860"}],"curies":[{"name":"wp","href":"https:\/\/api.w.org\/{rel}","templated":true}]}}