{"id":5851,"date":"2022-06-17T06:27:28","date_gmt":"2022-06-17T09:27:28","guid":{"rendered":"https:\/\/blogs.correiobraziliense.com.br\/lianasabo\/?p=5851"},"modified":"2022-06-16T22:42:15","modified_gmt":"2022-06-17T01:42:15","slug":"culinaria-goiana-no-festival-gastronomico-abc-da-boa-mesa","status":"publish","type":"post","link":"https:\/\/blogs.correiobraziliense.com.br\/lianasabo\/culinaria-goiana-no-festival-gastronomico-abc-da-boa-mesa\/","title":{"rendered":"Culin\u00e1ria goiana no Festival Gastron\u00f4mico ABC da Boa Mesa"},"content":{"rendered":"<p><span style=\"font-weight: 400\">Conhecido pelos cristais que fazem o encanto dos turistas, o munic\u00edpio goiano de Cristalina, distante 130 quil\u00f4metros da capital, com suas preciosas pedras at\u00e9 no nome, tamb\u00e9m oferece boa mesa. S\u00e3o tr\u00eas produtos \u2013 alho, batata e cebola \u2013 , da\u00ed serem respons\u00e1veis pelo Festival Gastron\u00f4mico ABC da Boa Mesa, cuja sexta edi\u00e7\u00e3o ser\u00e1 realizada na pr\u00f3xima semana, de quinta a s\u00e1bado, no espa\u00e7o da festa do Divino Esp\u00edrito Santo, Setor Aguiar, daquela cidade.<\/span><\/p>\n<figure id=\"attachment_5853\" aria-describedby=\"caption-attachment-5853\" style=\"width: 200px\" class=\"wp-caption alignleft\"><a href=\"https:\/\/blogs.correiobraziliense.com.br\/lianasabo\/wp-content\/uploads\/sites\/25\/2022\/06\/COMBINADINHO-ABC.jpg\"><img loading=\"lazy\" decoding=\"async\" class=\"size-medium wp-image-5853\" src=\"https:\/\/blogs.correiobraziliense.com.br\/lianasabo\/wp-content\/uploads\/sites\/25\/2022\/06\/COMBINADINHO-ABC-200x300.jpg\" alt=\"\" width=\"200\" height=\"300\" srcset=\"https:\/\/blogs.correiobraziliense.com.br\/lianasabo\/wp-content\/uploads\/sites\/25\/2022\/06\/COMBINADINHO-ABC-200x300.jpg 200w, https:\/\/blogs.correiobraziliense.com.br\/lianasabo\/wp-content\/uploads\/sites\/25\/2022\/06\/COMBINADINHO-ABC-768x1152.jpg 768w, https:\/\/blogs.correiobraziliense.com.br\/lianasabo\/wp-content\/uploads\/sites\/25\/2022\/06\/COMBINADINHO-ABC.jpg 683w, https:\/\/blogs.correiobraziliense.com.br\/lianasabo\/wp-content\/uploads\/sites\/25\/2022\/06\/COMBINADINHO-ABC-800x1200.jpg 800w, https:\/\/blogs.correiobraziliense.com.br\/lianasabo\/wp-content\/uploads\/sites\/25\/2022\/06\/COMBINADINHO-ABC-550x825.jpg 550w, https:\/\/blogs.correiobraziliense.com.br\/lianasabo\/wp-content\/uploads\/sites\/25\/2022\/06\/COMBINADINHO-ABC-230x345.jpg 230w\" sizes=\"auto, (max-width: 200px) 100vw, 200px\" \/><\/a><figcaption id=\"caption-attachment-5853\" class=\"wp-caption-text\">Combinadinho ABC. Cr\u00e9dito: ABC\/Divulga\u00e7\u00e3o<\/figcaption><\/figure>\n<p><span style=\"font-weight: 400\">Dele faz parte o concurso Garimpando Sabores que vai apontar o prato destaque dentre tr\u00eas concorrentes: Patrick Dornelles, do The Fumados; Dudu Gondim, do Ity Restaurante e Geovane Leandro, do Roma Pizza e Bar. Os chefs tiveram de desenvolver receitas que levem, no m\u00ednimo, um dos tr\u00eas ingredientes \u00edcones.\u00a0<\/span><\/p>\n<p><span style=\"font-weight: 400\">As propostas s\u00e3o variadas com carne su\u00edna, bovina e pescados, al\u00e9m dos ingredientes tradicionais goianos como pequi e milho.\u00a0Patrick Dornelles apresenta o combinadinho ABC, uma cesta de petiscos com an\u00e9is de cebola frita, lingui\u00e7a, queijo empanado, batata frita, barriga de porco defumada e molho espeical. Dudu Gondim aposta no medalh\u00e3o de Cristalina, medalh\u00e3o de fil\u00e9 mignon envolto com crosta de migas de p\u00e3o caseiro e pesto de ervas, combinados com queijos, molho ferrugem de tomates e alho defumados em conhaque e toque de shoyu acompanhado de punhado de cuscuz e batata frita quadrada em espiral. J\u00e1 Geovane Leandro faz o prato Top\u00e1zio, um encorpado creme de pequi com camar\u00e3o.<\/span><\/p>\n<p><span style=\"font-weight: 400\">A renomada chef Emiliana Azambuja participa apoiando os profissionais locais na prepara\u00e7\u00e3o dos pratos que v\u00e3o apresentar aos comensais.\u00a0<\/span>O j\u00fari composto por representantes de institui\u00e7\u00f5es p\u00fablica e privadas de Cristalina e presidida por Amanda Magalh\u00e3es, professora de gastronomia do Instituto Federal de Goi\u00e2nia, v\u00e3o avaliar a criatividade, a apresenta\u00e7\u00e3o e o sabor na \u00faltima noite do evento.<\/p>\n<p>\u201cA iniciativa contribui para incrementar os neg\u00f3cios em Cristalina, especialmente para o setor de turismo\u201d, ressalta o presidente da ACAIC (Associa\u00e7\u00e3o Comercial Agroindustrial de Cristalina) e CDL (Clube de Diretores Lojistas), Airton Arikita.<\/p>\n<figure id=\"attachment_5854\" aria-describedby=\"caption-attachment-5854\" style=\"width: 800px\" class=\"wp-caption aligncenter\"><a href=\"https:\/\/blogs.correiobraziliense.com.br\/lianasabo\/wp-content\/uploads\/sites\/25\/2022\/06\/MEDALHAO-DE-CRISTALINA.jpg\"><img loading=\"lazy\" decoding=\"async\" class=\"wp-image-5854 size-full\" src=\"https:\/\/blogs.correiobraziliense.com.br\/lianasabo\/wp-content\/uploads\/sites\/25\/2022\/06\/MEDALHAO-DE-CRISTALINA.jpg\" alt=\"\" width=\"800\" height=\"533\" srcset=\"https:\/\/blogs.correiobraziliense.com.br\/lianasabo\/wp-content\/uploads\/sites\/25\/2022\/06\/MEDALHAO-DE-CRISTALINA.jpg 800w, https:\/\/blogs.correiobraziliense.com.br\/lianasabo\/wp-content\/uploads\/sites\/25\/2022\/06\/MEDALHAO-DE-CRISTALINA-300x200.jpg 300w, https:\/\/blogs.correiobraziliense.com.br\/lianasabo\/wp-content\/uploads\/sites\/25\/2022\/06\/MEDALHAO-DE-CRISTALINA-768x512.jpg 768w, https:\/\/blogs.correiobraziliense.com.br\/lianasabo\/wp-content\/uploads\/sites\/25\/2022\/06\/MEDALHAO-DE-CRISTALINA-550x366.jpg 550w, https:\/\/blogs.correiobraziliense.com.br\/lianasabo\/wp-content\/uploads\/sites\/25\/2022\/06\/MEDALHAO-DE-CRISTALINA-230x153.jpg 230w\" sizes=\"auto, (max-width: 800px) 100vw, 800px\" \/><\/a><figcaption id=\"caption-attachment-5854\" class=\"wp-caption-text\">Medalh\u00e3o de Cristalina. Cr\u00e9dito: ABC\/Divulga\u00e7\u00e3o<\/figcaption><\/figure>\n","protected":false},"excerpt":{"rendered":"<p>Conhecido pelos cristais que fazem o encanto dos turistas, o munic\u00edpio goiano de Cristalina, distante 130 quil\u00f4metros da capital, com suas preciosas pedras at\u00e9 no nome, tamb\u00e9m oferece boa mesa. S\u00e3o tr\u00eas produtos \u2013 alho, batata e cebola \u2013 , da\u00ed serem respons\u00e1veis pelo Festival Gastron\u00f4mico ABC da Boa Mesa, cuja sexta edi\u00e7\u00e3o ser\u00e1 realizada na pr\u00f3xima semana, de quinta [&hellip;]<\/p>\n","protected":false},"author":54,"featured_media":5852,"comment_status":"open","ping_status":"open","sticky":false,"template":"","format":"standard","meta":{"footnotes":""},"categories":[201],"tags":[495,497,496],"class_list":["post-5851","post","type-post","status-publish","format-standard","has-post-thumbnail","hentry","category-festival","tag-cristalina","tag-culinaria-goiana","tag-festival-gastronomico-abc-da-boa-mesa"],"_links":{"self":[{"href":"https:\/\/blogs.correiobraziliense.com.br\/lianasabo\/wp-json\/wp\/v2\/posts\/5851","targetHints":{"allow":["GET"]}}],"collection":[{"href":"https:\/\/blogs.correiobraziliense.com.br\/lianasabo\/wp-json\/wp\/v2\/posts"}],"about":[{"href":"https:\/\/blogs.correiobraziliense.com.br\/lianasabo\/wp-json\/wp\/v2\/types\/post"}],"author":[{"embeddable":true,"href":"https:\/\/blogs.correiobraziliense.com.br\/lianasabo\/wp-json\/wp\/v2\/users\/54"}],"replies":[{"embeddable":true,"href":"https:\/\/blogs.correiobraziliense.com.br\/lianasabo\/wp-json\/wp\/v2\/comments?post=5851"}],"version-history":[{"count":1,"href":"https:\/\/blogs.correiobraziliense.com.br\/lianasabo\/wp-json\/wp\/v2\/posts\/5851\/revisions"}],"predecessor-version":[{"id":5855,"href":"https:\/\/blogs.correiobraziliense.com.br\/lianasabo\/wp-json\/wp\/v2\/posts\/5851\/revisions\/5855"}],"wp:featuredmedia":[{"embeddable":true,"href":"https:\/\/blogs.correiobraziliense.com.br\/lianasabo\/wp-json\/wp\/v2\/media\/5852"}],"wp:attachment":[{"href":"https:\/\/blogs.correiobraziliense.com.br\/lianasabo\/wp-json\/wp\/v2\/media?parent=5851"}],"wp:term":[{"taxonomy":"category","embeddable":true,"href":"https:\/\/blogs.correiobraziliense.com.br\/lianasabo\/wp-json\/wp\/v2\/categories?post=5851"},{"taxonomy":"post_tag","embeddable":true,"href":"https:\/\/blogs.correiobraziliense.com.br\/lianasabo\/wp-json\/wp\/v2\/tags?post=5851"}],"curies":[{"name":"wp","href":"https:\/\/api.w.org\/{rel}","templated":true}]}}