{"id":5848,"date":"2022-06-17T06:22:18","date_gmt":"2022-06-17T09:22:18","guid":{"rendered":"https:\/\/blogs.correiobraziliense.com.br\/lianasabo\/?p=5848"},"modified":"2022-06-16T22:26:41","modified_gmt":"2022-06-17T01:26:41","slug":"festival-de-inverno-do-pontao-chega-a-11a-edicao","status":"publish","type":"post","link":"https:\/\/blogs.correiobraziliense.com.br\/lianasabo\/festival-de-inverno-do-pontao-chega-a-11a-edicao\/","title":{"rendered":"Festival de Inverno do Pont\u00e3o chega \u00e0 11\u00aa edi\u00e7\u00e3o"},"content":{"rendered":"<p>Cada vez mais abrangente, o Festival de Inverno do Pont\u00e3o, que come\u00e7a ter\u00e7a-feira e vai at\u00e9 o dia 6 de julho, n\u00e3o se limita mais \u00e0 gastronomia, mas traz tamb\u00e9m variada programa\u00e7\u00e3o cultural, com \u00eanfase na m\u00fasica, teatro e, claro, at\u00e9 quadrilha junina. J\u00e1 no p\u00f3rtico de acesso ao espa\u00e7o, a ilumina\u00e7\u00e3o na cor azul com flocos de neve dar\u00e1 ideia das op\u00e7\u00f5es aguardadas pelo p\u00fablico, que com R$ 10 a mais no consumo nos restaurantes estar\u00e1 contribuindo para o Centro de Tratamento do C\u00e2ncer.<\/p>\n<p>Catorze estabelecimentos participam da 11\u00aa edi\u00e7\u00e3o do evento oferecendo entrada, principal e sobremesa, cujos pre\u00e7os variam entre R$ 89 e R$ 99, menos os quiosques que t\u00eam menu reduzido. Os demais come\u00e7am quase sempre com caldo, como o de sururu do Fausto &amp; Manuel; cappelletti in brodo, do Sallva e missoshiro, do Soho.<\/p>\n<p>Prosseguem com prato principal, como ravi\u00f3li recheado de pera com baru e granada padano ao molho gorgonzola, do Mormaii; costelinha desfiada com molho barbecue, do Same Same; rigattoni com ragu de cordeiro e chimichurri de hortel\u00e3, do Gran Bier e fondue de queijo com focaccia e batata bolinha do Wine Garden. Voc\u00ea ainda poder\u00e1 se deliciar com os profiteroles com calda quente de chocolate e lichia e marshmallow derretido, do MED ou a cocada de forno com sorvete de tapioca, do Manzu\u00e1. Confira o card\u00e1pio no instagram <a href=\"https:\/\/www.instagram.com\/pontaodolagosul\/\">@pontaodolagosul<\/a>.<\/p>\n","protected":false},"excerpt":{"rendered":"<p>Cada vez mais abrangente, o Festival de Inverno do Pont\u00e3o, que come\u00e7a ter\u00e7a-feira e vai at\u00e9 o dia 6 de julho, n\u00e3o se limita mais \u00e0 gastronomia, mas traz tamb\u00e9m variada programa\u00e7\u00e3o cultural, com \u00eanfase na m\u00fasica, teatro e, claro, at\u00e9 quadrilha junina. J\u00e1 no p\u00f3rtico de acesso ao espa\u00e7o, a ilumina\u00e7\u00e3o na cor azul com flocos de neve dar\u00e1 [&hellip;]<\/p>\n","protected":false},"author":54,"featured_media":5849,"comment_status":"open","ping_status":"open","sticky":false,"template":"","format":"standard","meta":{"footnotes":""},"categories":[201],"tags":[494],"class_list":["post-5848","post","type-post","status-publish","format-standard","has-post-thumbnail","hentry","category-festival","tag-festival-de-inverno-do-pontao"],"_links":{"self":[{"href":"https:\/\/blogs.correiobraziliense.com.br\/lianasabo\/wp-json\/wp\/v2\/posts\/5848","targetHints":{"allow":["GET"]}}],"collection":[{"href":"https:\/\/blogs.correiobraziliense.com.br\/lianasabo\/wp-json\/wp\/v2\/posts"}],"about":[{"href":"https:\/\/blogs.correiobraziliense.com.br\/lianasabo\/wp-json\/wp\/v2\/types\/post"}],"author":[{"embeddable":true,"href":"https:\/\/blogs.correiobraziliense.com.br\/lianasabo\/wp-json\/wp\/v2\/users\/54"}],"replies":[{"embeddable":true,"href":"https:\/\/blogs.correiobraziliense.com.br\/lianasabo\/wp-json\/wp\/v2\/comments?post=5848"}],"version-history":[{"count":1,"href":"https:\/\/blogs.correiobraziliense.com.br\/lianasabo\/wp-json\/wp\/v2\/posts\/5848\/revisions"}],"predecessor-version":[{"id":5850,"href":"https:\/\/blogs.correiobraziliense.com.br\/lianasabo\/wp-json\/wp\/v2\/posts\/5848\/revisions\/5850"}],"wp:featuredmedia":[{"embeddable":true,"href":"https:\/\/blogs.correiobraziliense.com.br\/lianasabo\/wp-json\/wp\/v2\/media\/5849"}],"wp:attachment":[{"href":"https:\/\/blogs.correiobraziliense.com.br\/lianasabo\/wp-json\/wp\/v2\/media?parent=5848"}],"wp:term":[{"taxonomy":"category","embeddable":true,"href":"https:\/\/blogs.correiobraziliense.com.br\/lianasabo\/wp-json\/wp\/v2\/categories?post=5848"},{"taxonomy":"post_tag","embeddable":true,"href":"https:\/\/blogs.correiobraziliense.com.br\/lianasabo\/wp-json\/wp\/v2\/tags?post=5848"}],"curies":[{"name":"wp","href":"https:\/\/api.w.org\/{rel}","templated":true}]}}