{"id":5845,"date":"2022-06-17T06:19:57","date_gmt":"2022-06-17T09:19:57","guid":{"rendered":"https:\/\/blogs.correiobraziliense.com.br\/lianasabo\/?p=5845"},"modified":"2022-06-16T22:21:47","modified_gmt":"2022-06-17T01:21:47","slug":"cafe-de-la-musique-recebe-festival-de-vinhos-as-sextas","status":"publish","type":"post","link":"https:\/\/blogs.correiobraziliense.com.br\/lianasabo\/cafe-de-la-musique-recebe-festival-de-vinhos-as-sextas\/","title":{"rendered":"Caf\u00e9 de La Musique recebe festival de vinhos \u00e0s sextas"},"content":{"rendered":"<p>A partir de hoje e nas pr\u00f3ximas seis sextas-feiras \u2013 24 de junho, e 1\u00ba, 8, 15, 22 e 29 de julho &#8211; o Caf\u00e9 de La Musique promove em parceria com a Del Maipo um festival de vinhos, em formato de rod\u00edzio com nove r\u00f3tulos, inclusive de espumantes, no hor\u00e1rio entre 19h30 e 22h.<\/p>\n<p>\u201cO Wine Festival \u00e9 uma experi\u00eancia \u00fanica tanto para quem j\u00e1 conhece vinhos, quanto para aqueles que est\u00e3o come\u00e7ando, porque aprendem um pouco de cada r\u00f3tulo, o tipo de uva, colheita, processo de vinifica\u00e7\u00e3o, al\u00e9m de ser um evento muito aconchegante e rom\u00e2ntico\u201d, afirma Lino Fuctuoso, curador enogastron\u00f4mico do Caf\u00e9 de La Musique Brasilia.<\/p>\n<p>Ingressos antecipados custam R$ 109 podendo ser adquiridos pelo telefone 99983-6016. No dia, R$ 119. Reservas: 99983-6011.<\/p>\n","protected":false},"excerpt":{"rendered":"<p>A partir de hoje e nas pr\u00f3ximas seis sextas-feiras \u2013 24 de junho, e 1\u00ba, 8, 15, 22 e 29 de julho &#8211; o Caf\u00e9 de La Musique promove em parceria com a Del Maipo um festival de vinhos, em formato de rod\u00edzio com nove r\u00f3tulos, inclusive de espumantes, no hor\u00e1rio entre 19h30 e 22h. \u201cO Wine Festival \u00e9 uma [&hellip;]<\/p>\n","protected":false},"author":54,"featured_media":5846,"comment_status":"open","ping_status":"open","sticky":false,"template":"","format":"standard","meta":{"footnotes":""},"categories":[222],"tags":[146,54,425,493],"class_list":["post-5845","post","type-post","status-publish","format-standard","has-post-thumbnail","hentry","category-vinhos","tag-cafe-de-la-musique","tag-festival","tag-vinhos","tag-wine-festival"],"_links":{"self":[{"href":"https:\/\/blogs.correiobraziliense.com.br\/lianasabo\/wp-json\/wp\/v2\/posts\/5845","targetHints":{"allow":["GET"]}}],"collection":[{"href":"https:\/\/blogs.correiobraziliense.com.br\/lianasabo\/wp-json\/wp\/v2\/posts"}],"about":[{"href":"https:\/\/blogs.correiobraziliense.com.br\/lianasabo\/wp-json\/wp\/v2\/types\/post"}],"author":[{"embeddable":true,"href":"https:\/\/blogs.correiobraziliense.com.br\/lianasabo\/wp-json\/wp\/v2\/users\/54"}],"replies":[{"embeddable":true,"href":"https:\/\/blogs.correiobraziliense.com.br\/lianasabo\/wp-json\/wp\/v2\/comments?post=5845"}],"version-history":[{"count":1,"href":"https:\/\/blogs.correiobraziliense.com.br\/lianasabo\/wp-json\/wp\/v2\/posts\/5845\/revisions"}],"predecessor-version":[{"id":5847,"href":"https:\/\/blogs.correiobraziliense.com.br\/lianasabo\/wp-json\/wp\/v2\/posts\/5845\/revisions\/5847"}],"wp:featuredmedia":[{"embeddable":true,"href":"https:\/\/blogs.correiobraziliense.com.br\/lianasabo\/wp-json\/wp\/v2\/media\/5846"}],"wp:attachment":[{"href":"https:\/\/blogs.correiobraziliense.com.br\/lianasabo\/wp-json\/wp\/v2\/media?parent=5845"}],"wp:term":[{"taxonomy":"category","embeddable":true,"href":"https:\/\/blogs.correiobraziliense.com.br\/lianasabo\/wp-json\/wp\/v2\/categories?post=5845"},{"taxonomy":"post_tag","embeddable":true,"href":"https:\/\/blogs.correiobraziliense.com.br\/lianasabo\/wp-json\/wp\/v2\/tags?post=5845"}],"curies":[{"name":"wp","href":"https:\/\/api.w.org\/{rel}","templated":true}]}}