{"id":5842,"date":"2022-06-17T06:10:15","date_gmt":"2022-06-17T09:10:15","guid":{"rendered":"https:\/\/blogs.correiobraziliense.com.br\/lianasabo\/?p=5842"},"modified":"2022-06-16T22:14:35","modified_gmt":"2022-06-17T01:14:35","slug":"projeto-descobertas-do-sommelier-traz-a-brasilia-vinhos-de-pequenas-vinicolas","status":"publish","type":"post","link":"https:\/\/blogs.correiobraziliense.com.br\/lianasabo\/projeto-descobertas-do-sommelier-traz-a-brasilia-vinhos-de-pequenas-vinicolas\/","title":{"rendered":"Projeto Descobertas do Sommelier traz a Bras\u00edlia vinhos de pequenas vin\u00edcolas"},"content":{"rendered":"<p>Em outra iniciativa do Sebrae, A Garrafeira, loja de vinhos do empres\u00e1rio sulista Carlos Medeiros, instalada na 215 Sul, foi contemplada com o projeto<em> Descobertas do Sommelier<\/em>, que traz para Bras\u00edlia na pr\u00f3xima sexta-feira novos vinhos produzidos por pequenas vin\u00edcolas da Serra Ga\u00facha. No hor\u00e1rio das 16h \u00e0s 20h, amantes de vinho poder\u00e3o conhecer e degustar 40 r\u00f3tulos de 10 grifes do Rio Grande do Sul pelo pre\u00e7o de R$ 80, sendo que a metade do valor ser\u00e1 revertido em cr\u00e9dito para compra dos vinhos da degusta\u00e7\u00e3o, cujas vagas s\u00e3o limitadas. Participam do evento: Tenuta Foppa &amp; Ambrosi, C\u00e1rdenas, Don Affonso, Larentis, Lovara, Marzarotto, Cave Antiga, Cristofoli, Salvattore e Amiti\u00e9. Whatsapp: (61) 8123-2520.<\/p>\n<p><a href=\"https:\/\/blogs.correiobraziliense.com.br\/lianasabo\/wp-content\/uploads\/sites\/25\/2022\/06\/287980299_1393932641105760_6708665303766097590_n.jpg\"><img loading=\"lazy\" decoding=\"async\" class=\"aligncenter size-full wp-image-5843\" src=\"https:\/\/blogs.correiobraziliense.com.br\/lianasabo\/wp-content\/uploads\/sites\/25\/2022\/06\/287980299_1393932641105760_6708665303766097590_n.jpg\" alt=\"\" width=\"800\" height=\"800\" srcset=\"https:\/\/blogs.correiobraziliense.com.br\/lianasabo\/wp-content\/uploads\/sites\/25\/2022\/06\/287980299_1393932641105760_6708665303766097590_n.jpg 800w, https:\/\/blogs.correiobraziliense.com.br\/lianasabo\/wp-content\/uploads\/sites\/25\/2022\/06\/287980299_1393932641105760_6708665303766097590_n-150x150.jpg 150w, https:\/\/blogs.correiobraziliense.com.br\/lianasabo\/wp-content\/uploads\/sites\/25\/2022\/06\/287980299_1393932641105760_6708665303766097590_n-300x300.jpg 300w, https:\/\/blogs.correiobraziliense.com.br\/lianasabo\/wp-content\/uploads\/sites\/25\/2022\/06\/287980299_1393932641105760_6708665303766097590_n-768x768.jpg 768w, https:\/\/blogs.correiobraziliense.com.br\/lianasabo\/wp-content\/uploads\/sites\/25\/2022\/06\/287980299_1393932641105760_6708665303766097590_n-550x550.jpg 550w, https:\/\/blogs.correiobraziliense.com.br\/lianasabo\/wp-content\/uploads\/sites\/25\/2022\/06\/287980299_1393932641105760_6708665303766097590_n-230x230.jpg 230w\" sizes=\"auto, (max-width: 800px) 100vw, 800px\" \/><\/a><\/p>\n","protected":false},"excerpt":{"rendered":"<p>Em outra iniciativa do Sebrae, A Garrafeira, loja de vinhos do empres\u00e1rio sulista Carlos Medeiros, instalada na 215 Sul, foi contemplada com o projeto Descobertas do Sommelier, que traz para Bras\u00edlia na pr\u00f3xima sexta-feira novos vinhos produzidos por pequenas vin\u00edcolas da Serra Ga\u00facha. No hor\u00e1rio das 16h \u00e0s 20h, amantes de vinho poder\u00e3o conhecer e degustar 40 r\u00f3tulos de 10 [&hellip;]<\/p>\n","protected":false},"author":54,"featured_media":0,"comment_status":"open","ping_status":"open","sticky":false,"template":"","format":"standard","meta":{"footnotes":""},"categories":[222],"tags":[492,490,491],"class_list":["post-5842","post","type-post","status-publish","format-standard","hentry","category-vinhos","tag-a-garrafeira","tag-descobertas-do-sommelier","tag-sebrae"],"_links":{"self":[{"href":"https:\/\/blogs.correiobraziliense.com.br\/lianasabo\/wp-json\/wp\/v2\/posts\/5842","targetHints":{"allow":["GET"]}}],"collection":[{"href":"https:\/\/blogs.correiobraziliense.com.br\/lianasabo\/wp-json\/wp\/v2\/posts"}],"about":[{"href":"https:\/\/blogs.correiobraziliense.com.br\/lianasabo\/wp-json\/wp\/v2\/types\/post"}],"author":[{"embeddable":true,"href":"https:\/\/blogs.correiobraziliense.com.br\/lianasabo\/wp-json\/wp\/v2\/users\/54"}],"replies":[{"embeddable":true,"href":"https:\/\/blogs.correiobraziliense.com.br\/lianasabo\/wp-json\/wp\/v2\/comments?post=5842"}],"version-history":[{"count":1,"href":"https:\/\/blogs.correiobraziliense.com.br\/lianasabo\/wp-json\/wp\/v2\/posts\/5842\/revisions"}],"predecessor-version":[{"id":5844,"href":"https:\/\/blogs.correiobraziliense.com.br\/lianasabo\/wp-json\/wp\/v2\/posts\/5842\/revisions\/5844"}],"wp:attachment":[{"href":"https:\/\/blogs.correiobraziliense.com.br\/lianasabo\/wp-json\/wp\/v2\/media?parent=5842"}],"wp:term":[{"taxonomy":"category","embeddable":true,"href":"https:\/\/blogs.correiobraziliense.com.br\/lianasabo\/wp-json\/wp\/v2\/categories?post=5842"},{"taxonomy":"post_tag","embeddable":true,"href":"https:\/\/blogs.correiobraziliense.com.br\/lianasabo\/wp-json\/wp\/v2\/tags?post=5842"}],"curies":[{"name":"wp","href":"https:\/\/api.w.org\/{rel}","templated":true}]}}