{"id":5813,"date":"2022-06-10T07:50:54","date_gmt":"2022-06-10T10:50:54","guid":{"rendered":"https:\/\/blogs.correiobraziliense.com.br\/lianasabo\/?p=5813"},"modified":"2022-06-08T21:59:50","modified_gmt":"2022-06-09T00:59:50","slug":"chefs-renomados-na-1a-feira-de-empreendedorismo-turistico-e-criativo","status":"publish","type":"post","link":"https:\/\/blogs.correiobraziliense.com.br\/lianasabo\/chefs-renomados-na-1a-feira-de-empreendedorismo-turistico-e-criativo\/","title":{"rendered":"Chefs renomados na 1\u00aa Feira de Empreendedorismo Tur\u00edstico e Criativo"},"content":{"rendered":"<p>Na antiga Funarte, abaixo do Clube do Choro, o chef Claude Troisgros apresenta amanh\u00e3, \u00e0s 19h, a sua arte culin\u00e1ria na primeira Feira de Empreendedorismo Tur\u00edstico e Criativo. Na ter\u00e7a-feira, \u00e0s 19h, ser\u00e1 a vez da chef Bel Coelho, que comanda o Cuia Caf\u00e9 e o restaurante Clandestino, em S\u00e3o Paulo.<\/p>\n","protected":false},"excerpt":{"rendered":"<p>Na antiga Funarte, abaixo do Clube do Choro, o chef Claude Troisgros apresenta amanh\u00e3, \u00e0s 19h, a sua arte culin\u00e1ria na primeira Feira de Empreendedorismo Tur\u00edstico e Criativo. Na ter\u00e7a-feira, \u00e0s 19h, ser\u00e1 a vez da chef Bel Coelho, que comanda o Cuia Caf\u00e9 e o restaurante Clandestino, em S\u00e3o Paulo.<\/p>\n","protected":false},"author":54,"featured_media":5814,"comment_status":"open","ping_status":"open","sticky":false,"template":"","format":"standard","meta":{"footnotes":""},"categories":[486],"tags":[363,487],"class_list":["post-5813","post","type-post","status-publish","format-standard","has-post-thumbnail","hentry","category-evento","tag-evento","tag-feira-de-empreendedorismo-turistico-e-criativo"],"_links":{"self":[{"href":"https:\/\/blogs.correiobraziliense.com.br\/lianasabo\/wp-json\/wp\/v2\/posts\/5813","targetHints":{"allow":["GET"]}}],"collection":[{"href":"https:\/\/blogs.correiobraziliense.com.br\/lianasabo\/wp-json\/wp\/v2\/posts"}],"about":[{"href":"https:\/\/blogs.correiobraziliense.com.br\/lianasabo\/wp-json\/wp\/v2\/types\/post"}],"author":[{"embeddable":true,"href":"https:\/\/blogs.correiobraziliense.com.br\/lianasabo\/wp-json\/wp\/v2\/users\/54"}],"replies":[{"embeddable":true,"href":"https:\/\/blogs.correiobraziliense.com.br\/lianasabo\/wp-json\/wp\/v2\/comments?post=5813"}],"version-history":[{"count":1,"href":"https:\/\/blogs.correiobraziliense.com.br\/lianasabo\/wp-json\/wp\/v2\/posts\/5813\/revisions"}],"predecessor-version":[{"id":5815,"href":"https:\/\/blogs.correiobraziliense.com.br\/lianasabo\/wp-json\/wp\/v2\/posts\/5813\/revisions\/5815"}],"wp:featuredmedia":[{"embeddable":true,"href":"https:\/\/blogs.correiobraziliense.com.br\/lianasabo\/wp-json\/wp\/v2\/media\/5814"}],"wp:attachment":[{"href":"https:\/\/blogs.correiobraziliense.com.br\/lianasabo\/wp-json\/wp\/v2\/media?parent=5813"}],"wp:term":[{"taxonomy":"category","embeddable":true,"href":"https:\/\/blogs.correiobraziliense.com.br\/lianasabo\/wp-json\/wp\/v2\/categories?post=5813"},{"taxonomy":"post_tag","embeddable":true,"href":"https:\/\/blogs.correiobraziliense.com.br\/lianasabo\/wp-json\/wp\/v2\/tags?post=5813"}],"curies":[{"name":"wp","href":"https:\/\/api.w.org\/{rel}","templated":true}]}}