{"id":5781,"date":"2022-06-03T06:37:38","date_gmt":"2022-06-03T09:37:38","guid":{"rendered":"https:\/\/blogs.correiobraziliense.com.br\/lianasabo\/?p=5781"},"modified":"2022-06-03T09:50:47","modified_gmt":"2022-06-03T12:50:47","slug":"reta-final-do-festival-gastronomico-taste-brasilia","status":"publish","type":"post","link":"https:\/\/blogs.correiobraziliense.com.br\/lianasabo\/reta-final-do-festival-gastronomico-taste-brasilia\/","title":{"rendered":"Reta final do festival gastron\u00f4mico Taste Bras\u00edlia"},"content":{"rendered":"<p>Com mais de sete mil pessoas nos primeiros dias, o festival Taste Bras\u00edlia chega \u00e0 reta final no Pont\u00e3o do Lago Sul. De sexta-feira (3) at\u00e9 domingo (5), o evento segue oferecendo o menu especial preparado por 14 estabelecimentos renomados de Bras\u00edlia. Ao todo, s\u00e3o quase 50 pratos para serem degustados pelo p\u00fablico.<\/p>\n<p>No \u00faltimo fim de semana, o festival ter\u00e1 aulas pr\u00e1ticas com Ana Zambelli; Priscila de \u00c1vila, da Queen of Peppers; Heaven Delhaye, apresentadora da GNT; e Agenor Maia, do Olivae. Os chefs participam nos espa\u00e7os de conhecimento Papo de Cozinha e Fire Pit by Santander.<\/p>\n<figure id=\"attachment_5793\" aria-describedby=\"caption-attachment-5793\" style=\"width: 225px\" class=\"wp-caption alignleft\"><a href=\"https:\/\/blogs.correiobraziliense.com.br\/lianasabo\/wp-content\/uploads\/sites\/25\/2022\/06\/WhatsApp-Image-2022-06-03-at-09.29.02.jpeg\"><img loading=\"lazy\" decoding=\"async\" class=\"size-medium wp-image-5793\" src=\"https:\/\/blogs.correiobraziliense.com.br\/lianasabo\/wp-content\/uploads\/sites\/25\/2022\/06\/WhatsApp-Image-2022-06-03-at-09.29.02-225x300.jpeg\" alt=\"\" width=\"225\" height=\"300\" srcset=\"https:\/\/blogs.correiobraziliense.com.br\/lianasabo\/wp-content\/uploads\/sites\/25\/2022\/06\/WhatsApp-Image-2022-06-03-at-09.29.02-225x300.jpeg 225w, https:\/\/blogs.correiobraziliense.com.br\/lianasabo\/wp-content\/uploads\/sites\/25\/2022\/06\/WhatsApp-Image-2022-06-03-at-09.29.02.jpeg 768w, https:\/\/blogs.correiobraziliense.com.br\/lianasabo\/wp-content\/uploads\/sites\/25\/2022\/06\/WhatsApp-Image-2022-06-03-at-09.29.02-800x1067.jpeg 800w, https:\/\/blogs.correiobraziliense.com.br\/lianasabo\/wp-content\/uploads\/sites\/25\/2022\/06\/WhatsApp-Image-2022-06-03-at-09.29.02-550x733.jpeg 550w, https:\/\/blogs.correiobraziliense.com.br\/lianasabo\/wp-content\/uploads\/sites\/25\/2022\/06\/WhatsApp-Image-2022-06-03-at-09.29.02-230x307.jpeg 230w\" sizes=\"auto, (max-width: 225px) 100vw, 225px\" \/><\/a><figcaption id=\"caption-attachment-5793\" class=\"wp-caption-text\">As pequenas Let\u00edcia e Mariana participaram e gostaram da oficina de biscoitos oferecida no stand da Mapple Bear. As duas ganharam trajes de &#8220;chefinhas&#8221;. Cr\u00e9dito: Arquivo pessoal<\/figcaption><\/figure>\n<p>Para a crian\u00e7ada, no stand da Maple Bear ser\u00e3o oferecidas oficinas de confeitos em cupcake e biscoitos. Tamb\u00e9m tem a presen\u00e7a da professora e chef Alessandra Brant, da Arca do Sabor, ensinando o \u201cCuscuz do Cerrado\u201d no Papo de Cozinha.<\/p>\n<p>O Taste Bras\u00edlia Festival funciona na sexta, das 17h \u00e0s 23h; no s\u00e1bado, em duas sess\u00f5es, das 12h \u00e0s 23h e das 18h \u00e0s 23h (no formato Taste Sunset); e no domingo, das 12h \u00e0s 20h. Os ingressos est\u00e3o dispon\u00edveis no site oficial a partir de R$ 40. Informa\u00e7\u00f5es e venda: <a href=\"https:\/\/brasil.tastefestivals.com\/\">https:\/\/brasil.tastefestivals.com\/<\/a>.<\/p>\n<p><strong>Confira a programa\u00e7\u00e3o completa do Taste Bras\u00edlia Festival<\/strong><\/p>\n<p><strong>Papo de Cozinha<\/strong><\/p>\n<p><strong>SEXTA (3\/6)<\/strong><br \/>\n19h &#8211; Carolina Bernardes, do Coit\u00e9. \u201cAfinal, o que \u00e9 PANC?\u201d<\/p>\n<p>20h30 &#8211; Ana Zambelli, do Rio Quente Resorts<\/p>\n<p><strong>S\u00c1BADO (4\/6)<\/strong><br \/>\n13h &#8211; Diego Badra, do Conca. A riqueza de sabores da Cerratinga<\/p>\n<p>14h30 &#8211; Priscila de \u00c1vila, da Queen of Peppers. Benef\u00edcios das pimentas e quebra de paradigmas<\/p>\n<p>18h &#8211; Heaven Delhaye. Roast Beef by Heaven (com molho de gorgonzola, crocante de trigo sarraceno, tomates assados, mix de folhas e torradas)<\/p>\n<p>19h30 &#8211; Vick Neddermeyer, da Nolina. Nhoque de car\u00e1-moela (com fonduta de queijo de Alagoa e crocante de baru)<\/p>\n<p>21h &#8211; Leninha Camargo, chef e MC do Papo de Cozinha. Ceviche de cajuzinho<\/p>\n<p><strong>DOMINGO (5\/6)<\/strong><br \/>\n13h &#8211; Heaven Delhaye. Ceviche de salm\u00e3o e atum no estilo proven\u00e7al com leite de tigre, salada de mini-folhas e torradas<\/p>\n<p>14h30 &#8211; Alessandra Brant, da Arca do Sabor. Cuscuz do Cerrado<\/p>\n<p>16h &#8211; Sebasti\u00e1n Parasole, da Iniciativa Bandone\u00f3n. Doce de bananas bem maduras<\/p>\n<p>17h30 &#8211; Agenor Maia, do Olivae. O famoso espaguete \u00e0 carbonara do Olivae<\/p>\n<p>19h &#8211; Lucia Sequerra, chef do Papo de Cozinha, do Taste. Sabl\u00e9 com baunilha do Cerrado e farinha de baru, com recheio de mangaba<\/p>\n<p><strong>Fire pit by Santander<\/strong><\/p>\n<p><strong>SEXTA (3\/6)<\/strong><br \/>\n19h &#8211; Mois\u00e9s Costa, do Master Churras. Anatomia da costela<\/p>\n<p>20h30 &#8211; Luiz Am\u00e9rico Camargo, curador do Taste Festivals Brasil. P\u00e3o na churrasqueira<\/p>\n<p><strong>S\u00c1BADO (4\/6)<\/strong><br \/>\n13h &#8211; Ana Zambelli, do Rio Quente Resorts<\/p>\n<p>14h30 &#8211; Tonico Lichtsztejn, do Superquadra; e Sae Young Kim, do New Shin La Kwan (SP). O encontro do churrasco coreano com o brasileiro<\/p>\n<p>16h &#8211; Duda Patriota, da Pat\u00f3 Cafeteria. Torta de frutas assadas na brasa<\/p>\n<p>18h &#8211; Catarina Freire, do Southside. Frango na grelha ao teriyaki<\/p>\n<p>19h30 &#8211; Marcelo Petrarca, do Lago e do Bloco C (Grupo Petrarca). Costela com maionese de batata do Ladislau com salada de tomate<\/p>\n<p>21h &#8211; Rafael Massayuki. Vegetais na brasa (e no barro)<\/p>\n<p><strong>DOMINGO (5\/6)<\/strong><br \/>\n13h &#8211; Gil Guimar\u00e3es, da Casa Baco. A pizza napoletana<\/p>\n<p>14h30 &#8211; Moema Machado. P\u00e3o \u00e0 ca\u00e7adora<\/p>\n<p>16h &#8211; Marco Espinoza, do Tayp\u00e1. Polvo na brasa<\/p>\n<p>17h30 &#8211; F\u00e1tima Hamu, do Lagash; e Leo Hamu. Pernil de cordeiro recheado \u00e0 moda \u00e1rabe<\/p>\n<p>19h &#8211; Renata Carvalho, do Ricco Burger. Tr\u00eas varia\u00e7\u00f5es de hamburguer na grelha<\/p>\n<p><strong>Palco Tim<\/strong><\/p>\n<figure id=\"attachment_5783\" aria-describedby=\"caption-attachment-5783\" style=\"width: 800px\" class=\"wp-caption aligncenter\"><a href=\"https:\/\/blogs.correiobraziliense.com.br\/lianasabo\/wp-content\/uploads\/sites\/25\/2022\/06\/TAS1016181714.jpg\"><img loading=\"lazy\" decoding=\"async\" class=\"size-full wp-image-5783\" src=\"https:\/\/blogs.correiobraziliense.com.br\/lianasabo\/wp-content\/uploads\/sites\/25\/2022\/06\/TAS1016181714.jpg\" alt=\"\" width=\"800\" height=\"533\" srcset=\"https:\/\/blogs.correiobraziliense.com.br\/lianasabo\/wp-content\/uploads\/sites\/25\/2022\/06\/TAS1016181714.jpg 800w, https:\/\/blogs.correiobraziliense.com.br\/lianasabo\/wp-content\/uploads\/sites\/25\/2022\/06\/TAS1016181714-300x200.jpg 300w, https:\/\/blogs.correiobraziliense.com.br\/lianasabo\/wp-content\/uploads\/sites\/25\/2022\/06\/TAS1016181714-768x512.jpg 768w, https:\/\/blogs.correiobraziliense.com.br\/lianasabo\/wp-content\/uploads\/sites\/25\/2022\/06\/TAS1016181714-550x366.jpg 550w, https:\/\/blogs.correiobraziliense.com.br\/lianasabo\/wp-content\/uploads\/sites\/25\/2022\/06\/TAS1016181714-230x153.jpg 230w\" sizes=\"auto, (max-width: 800px) 100vw, 800px\" \/><\/a><figcaption id=\"caption-attachment-5783\" class=\"wp-caption-text\">Cr\u00e9dito: Taste Bras\u00edlia Festival\/Divulga\u00e7\u00e3o<\/figcaption><\/figure>\n<p><strong>SEXTA (3\/6)<\/strong><br \/>\n19h30: Romanov \u2013 rock, pop rock<br \/>\n21h00: DUMORERA DJ \u2013 eletr\u00f4nico<\/p>\n<p><strong>S\u00c1BADO (4\/6)<\/strong><br \/>\n13h30: Jazz na Carta (com voz) \u2013 jazz, pop<br \/>\n17h30: Pedro Lima \u2013 MPB, surf music, reggae<br \/>\n21h00: Chicco Aquino DJ \u2013 black music, brasilidades<\/p>\n<p><strong>DOMINGO (5\/6)<\/strong><br \/>\n13h30: Elton Marques (one man band) \u2013 MPB, pop rock, pop internacional<br \/>\n15h30: Paulinho quarteto \u2013 MPB, pagode<br \/>\n17h30: 4-U Jazz\u2019N\u2019Roll \u2013 jazz, pop, MPB<\/p>\n","protected":false},"excerpt":{"rendered":"<p>Com mais de sete mil pessoas nos primeiros dias, o festival Taste Bras\u00edlia chega \u00e0 reta final no Pont\u00e3o do Lago Sul. De sexta-feira (3) at\u00e9 domingo (5), o evento segue oferecendo o menu especial preparado por 14 estabelecimentos renomados de Bras\u00edlia. Ao todo, s\u00e3o quase 50 pratos para serem degustados pelo p\u00fablico. No \u00faltimo fim de semana, o festival [&hellip;]<\/p>\n","protected":false},"author":54,"featured_media":5782,"comment_status":"open","ping_status":"open","sticky":false,"template":"","format":"standard","meta":{"footnotes":""},"categories":[1],"tags":[54,436],"class_list":["post-5781","post","type-post","status-publish","format-standard","has-post-thumbnail","hentry","category-sem-categoria","tag-festival","tag-taste-brasilia"],"_links":{"self":[{"href":"https:\/\/blogs.correiobraziliense.com.br\/lianasabo\/wp-json\/wp\/v2\/posts\/5781","targetHints":{"allow":["GET"]}}],"collection":[{"href":"https:\/\/blogs.correiobraziliense.com.br\/lianasabo\/wp-json\/wp\/v2\/posts"}],"about":[{"href":"https:\/\/blogs.correiobraziliense.com.br\/lianasabo\/wp-json\/wp\/v2\/types\/post"}],"author":[{"embeddable":true,"href":"https:\/\/blogs.correiobraziliense.com.br\/lianasabo\/wp-json\/wp\/v2\/users\/54"}],"replies":[{"embeddable":true,"href":"https:\/\/blogs.correiobraziliense.com.br\/lianasabo\/wp-json\/wp\/v2\/comments?post=5781"}],"version-history":[{"count":4,"href":"https:\/\/blogs.correiobraziliense.com.br\/lianasabo\/wp-json\/wp\/v2\/posts\/5781\/revisions"}],"predecessor-version":[{"id":5794,"href":"https:\/\/blogs.correiobraziliense.com.br\/lianasabo\/wp-json\/wp\/v2\/posts\/5781\/revisions\/5794"}],"wp:featuredmedia":[{"embeddable":true,"href":"https:\/\/blogs.correiobraziliense.com.br\/lianasabo\/wp-json\/wp\/v2\/media\/5782"}],"wp:attachment":[{"href":"https:\/\/blogs.correiobraziliense.com.br\/lianasabo\/wp-json\/wp\/v2\/media?parent=5781"}],"wp:term":[{"taxonomy":"category","embeddable":true,"href":"https:\/\/blogs.correiobraziliense.com.br\/lianasabo\/wp-json\/wp\/v2\/categories?post=5781"},{"taxonomy":"post_tag","embeddable":true,"href":"https:\/\/blogs.correiobraziliense.com.br\/lianasabo\/wp-json\/wp\/v2\/tags?post=5781"}],"curies":[{"name":"wp","href":"https:\/\/api.w.org\/{rel}","templated":true}]}}