{"id":5778,"date":"2022-06-03T06:15:22","date_gmt":"2022-06-03T09:15:22","guid":{"rendered":"https:\/\/blogs.correiobraziliense.com.br\/lianasabo\/?p=5778"},"modified":"2022-06-02T22:17:10","modified_gmt":"2022-06-03T01:17:10","slug":"universidade-cozinha-e-bar-tera-unidade-no-plano-piloto","status":"publish","type":"post","link":"https:\/\/blogs.correiobraziliense.com.br\/lianasabo\/universidade-cozinha-e-bar-tera-unidade-no-plano-piloto\/","title":{"rendered":"Universidade Cozinha e Bar ter\u00e1 unidade no Plano Piloto"},"content":{"rendered":"<p>Um ambiente familiar e bo\u00eamio, que cativou a vizinhan\u00e7a do Cruzeiro com mesas e cadeiras de pl\u00e1stico e cerveja gelada para acompanhar petiscos, com o ambicioso nome Universidade Cozinha e Bar, surgido h\u00e1 seis anos, se expandiu para \u00c1guas Claras e chega agora ao Plano Piloto, onde inaugura quinta-feira, \u00e0 noite, a terceira opera\u00e7\u00e3o no Setor Comercial Norte, em frente ao Liberty Mall. No menu, espetinho de bacon com quiabo e jil\u00f3 empanado na farinha panko servido com molho de mostarda e mel e pasta de cebola.<\/p>\n","protected":false},"excerpt":{"rendered":"<p>Um ambiente familiar e bo\u00eamio, que cativou a vizinhan\u00e7a do Cruzeiro com mesas e cadeiras de pl\u00e1stico e cerveja gelada para acompanhar petiscos, com o ambicioso nome Universidade Cozinha e Bar, surgido h\u00e1 seis anos, se expandiu para \u00c1guas Claras e chega agora ao Plano Piloto, onde inaugura quinta-feira, \u00e0 noite, a terceira opera\u00e7\u00e3o no Setor Comercial Norte, em frente [&hellip;]<\/p>\n","protected":false},"author":54,"featured_media":5779,"comment_status":"open","ping_status":"open","sticky":false,"template":"","format":"standard","meta":{"footnotes":""},"categories":[326],"tags":[472],"class_list":["post-5778","post","type-post","status-publish","format-standard","has-post-thumbnail","hentry","category-restaurantes","tag-universidade-cozinha-e-bar"],"_links":{"self":[{"href":"https:\/\/blogs.correiobraziliense.com.br\/lianasabo\/wp-json\/wp\/v2\/posts\/5778","targetHints":{"allow":["GET"]}}],"collection":[{"href":"https:\/\/blogs.correiobraziliense.com.br\/lianasabo\/wp-json\/wp\/v2\/posts"}],"about":[{"href":"https:\/\/blogs.correiobraziliense.com.br\/lianasabo\/wp-json\/wp\/v2\/types\/post"}],"author":[{"embeddable":true,"href":"https:\/\/blogs.correiobraziliense.com.br\/lianasabo\/wp-json\/wp\/v2\/users\/54"}],"replies":[{"embeddable":true,"href":"https:\/\/blogs.correiobraziliense.com.br\/lianasabo\/wp-json\/wp\/v2\/comments?post=5778"}],"version-history":[{"count":1,"href":"https:\/\/blogs.correiobraziliense.com.br\/lianasabo\/wp-json\/wp\/v2\/posts\/5778\/revisions"}],"predecessor-version":[{"id":5780,"href":"https:\/\/blogs.correiobraziliense.com.br\/lianasabo\/wp-json\/wp\/v2\/posts\/5778\/revisions\/5780"}],"wp:featuredmedia":[{"embeddable":true,"href":"https:\/\/blogs.correiobraziliense.com.br\/lianasabo\/wp-json\/wp\/v2\/media\/5779"}],"wp:attachment":[{"href":"https:\/\/blogs.correiobraziliense.com.br\/lianasabo\/wp-json\/wp\/v2\/media?parent=5778"}],"wp:term":[{"taxonomy":"category","embeddable":true,"href":"https:\/\/blogs.correiobraziliense.com.br\/lianasabo\/wp-json\/wp\/v2\/categories?post=5778"},{"taxonomy":"post_tag","embeddable":true,"href":"https:\/\/blogs.correiobraziliense.com.br\/lianasabo\/wp-json\/wp\/v2\/tags?post=5778"}],"curies":[{"name":"wp","href":"https:\/\/api.w.org\/{rel}","templated":true}]}}