{"id":5754,"date":"2022-05-27T10:25:37","date_gmt":"2022-05-27T13:25:37","guid":{"rendered":"https:\/\/blogs.correiobraziliense.com.br\/lianasabo\/?p=5754"},"modified":"2022-05-27T10:25:37","modified_gmt":"2022-05-27T13:25:37","slug":"polvo-e-destaque-na-unidade-do-lago-do-la-terrasse","status":"publish","type":"post","link":"https:\/\/blogs.correiobraziliense.com.br\/lianasabo\/polvo-e-destaque-na-unidade-do-lago-do-la-terrasse\/","title":{"rendered":"Polvo \u00e9 destaque na unidade do Lago do La Terrasse"},"content":{"rendered":"<p>Entre os frutos do mar, um dos que o brasiliense mais ama \u00e9 o polvo. Quem identificou essa tend\u00eancia foi o restaurateur Diogo Figueiredo, do La Terrasse, que oferece o prato Mediterr\u00e2neo com o molusco grelhado e arroz negro por R$ 110.<\/p>\n<p>\u201cA unidade do Lago foi o segundo La Terrasse que abri, o primeiro fica no Condom\u00ednio Brisas do Lago. Ele carrega um pouco da minha viv\u00eancia de quando conheci os restaurantes do Mediterr\u00e2neo. O hor\u00e1rio tamb\u00e9m proporciona uma liberdade maior para o comensal passar um dia muito agrad\u00e1vel\u201d, afirma Diogo.<\/p>\n<p>O card\u00e1pio ainda tem mais op\u00e7\u00f5es especiais, como a moqueca com pescada amarela e camar\u00e3o, servida com arroz branco, banana, farofa da casa e pir\u00e3o farofa da casa e pir\u00e3o (R$139 &#8211; individual) e o bordeaux, tornedor de fil\u00e9 mignon ao molho de vinho tinto, acompanhado de risoto de aspargos (R$ 85).<\/p>\n<p>A casa funciona todos os dias no Life Resort (SCEN Trecho 1). Telefone: 3526-9921.<\/p>\n","protected":false},"excerpt":{"rendered":"<p>Entre os frutos do mar, um dos que o brasiliense mais ama \u00e9 o polvo. Quem identificou essa tend\u00eancia foi o restaurateur Diogo Figueiredo, do La Terrasse, que oferece o prato Mediterr\u00e2neo com o molusco grelhado e arroz negro por R$ 110. \u201cA unidade do Lago foi o segundo La Terrasse que abri, o primeiro fica no Condom\u00ednio Brisas do [&hellip;]<\/p>\n","protected":false},"author":54,"featured_media":5755,"comment_status":"open","ping_status":"open","sticky":false,"template":"","format":"standard","meta":{"footnotes":""},"categories":[320],"tags":[466,398],"class_list":["post-5754","post","type-post","status-publish","format-standard","has-post-thumbnail","hentry","category-culinaria-internacional","tag-la-terrasse","tag-polvo"],"_links":{"self":[{"href":"https:\/\/blogs.correiobraziliense.com.br\/lianasabo\/wp-json\/wp\/v2\/posts\/5754","targetHints":{"allow":["GET"]}}],"collection":[{"href":"https:\/\/blogs.correiobraziliense.com.br\/lianasabo\/wp-json\/wp\/v2\/posts"}],"about":[{"href":"https:\/\/blogs.correiobraziliense.com.br\/lianasabo\/wp-json\/wp\/v2\/types\/post"}],"author":[{"embeddable":true,"href":"https:\/\/blogs.correiobraziliense.com.br\/lianasabo\/wp-json\/wp\/v2\/users\/54"}],"replies":[{"embeddable":true,"href":"https:\/\/blogs.correiobraziliense.com.br\/lianasabo\/wp-json\/wp\/v2\/comments?post=5754"}],"version-history":[{"count":1,"href":"https:\/\/blogs.correiobraziliense.com.br\/lianasabo\/wp-json\/wp\/v2\/posts\/5754\/revisions"}],"predecessor-version":[{"id":5756,"href":"https:\/\/blogs.correiobraziliense.com.br\/lianasabo\/wp-json\/wp\/v2\/posts\/5754\/revisions\/5756"}],"wp:featuredmedia":[{"embeddable":true,"href":"https:\/\/blogs.correiobraziliense.com.br\/lianasabo\/wp-json\/wp\/v2\/media\/5755"}],"wp:attachment":[{"href":"https:\/\/blogs.correiobraziliense.com.br\/lianasabo\/wp-json\/wp\/v2\/media?parent=5754"}],"wp:term":[{"taxonomy":"category","embeddable":true,"href":"https:\/\/blogs.correiobraziliense.com.br\/lianasabo\/wp-json\/wp\/v2\/categories?post=5754"},{"taxonomy":"post_tag","embeddable":true,"href":"https:\/\/blogs.correiobraziliense.com.br\/lianasabo\/wp-json\/wp\/v2\/tags?post=5754"}],"curies":[{"name":"wp","href":"https:\/\/api.w.org\/{rel}","templated":true}]}}