{"id":5746,"date":"2022-05-27T10:14:57","date_gmt":"2022-05-27T13:14:57","guid":{"rendered":"https:\/\/blogs.correiobraziliense.com.br\/lianasabo\/?p=5746"},"modified":"2022-05-27T10:16:52","modified_gmt":"2022-05-27T13:16:52","slug":"o-tuga-todos-os-dias-no-casapark","status":"publish","type":"post","link":"https:\/\/blogs.correiobraziliense.com.br\/lianasabo\/o-tuga-todos-os-dias-no-casapark\/","title":{"rendered":"O Tuga agora no CasaPark"},"content":{"rendered":"<p>Com card\u00e1pio enxuto de apenas meia d\u00fazia de deliciosos pratos de bacalhau, uma lula grelhada na brasa e uma sugest\u00e3o de arroz de pato, o restaurateur Antonio Machado Barrigana inaugurou semana passada, no CasaPark, a loja f\u00edsica de sua grife O Tuga, nascida \u00e0 beira da pista da Ponte JK, que serviu menu lusitano somente nos fins de semana e feriados. A casa disp\u00f5e de 74 lugares espalhados em dois ambientes com a cozinha no centro, de onde saem ainda a entrada de lingui\u00e7a portuguesa e burrata e o menu kids de picanha grelhada.<\/p>\n<div id='gallery-1' class='gallery galleryid-5746 gallery-columns-3 gallery-size-large'><figure class='gallery-item'>\n\t\t\t<div class='gallery-icon landscape'>\n\t\t\t\t<a href='https:\/\/blogs.correiobraziliense.com.br\/lianasabo\/o-tuga-todos-os-dias-no-casapark\/whatsapp-image-2022-05-26-at-16-14-39\/'><img loading=\"lazy\" decoding=\"async\" width=\"800\" height=\"600\" src=\"https:\/\/blogs.correiobraziliense.com.br\/lianasabo\/wp-content\/uploads\/sites\/25\/2022\/05\/WhatsApp-Image-2022-05-26-at-16.14.39.jpeg\" class=\"attachment-large size-large\" alt=\"\" aria-describedby=\"gallery-1-5748\" srcset=\"https:\/\/blogs.correiobraziliense.com.br\/lianasabo\/wp-content\/uploads\/sites\/25\/2022\/05\/WhatsApp-Image-2022-05-26-at-16.14.39.jpeg 800w, https:\/\/blogs.correiobraziliense.com.br\/lianasabo\/wp-content\/uploads\/sites\/25\/2022\/05\/WhatsApp-Image-2022-05-26-at-16.14.39-300x225.jpeg 300w, https:\/\/blogs.correiobraziliense.com.br\/lianasabo\/wp-content\/uploads\/sites\/25\/2022\/05\/WhatsApp-Image-2022-05-26-at-16.14.39-768x576.jpeg 768w, https:\/\/blogs.correiobraziliense.com.br\/lianasabo\/wp-content\/uploads\/sites\/25\/2022\/05\/WhatsApp-Image-2022-05-26-at-16.14.39-550x413.jpeg 550w, https:\/\/blogs.correiobraziliense.com.br\/lianasabo\/wp-content\/uploads\/sites\/25\/2022\/05\/WhatsApp-Image-2022-05-26-at-16.14.39-230x173.jpeg 230w\" sizes=\"auto, (max-width: 800px) 100vw, 800px\" \/><\/a>\n\t\t\t<\/div>\n\t\t\t\t<figcaption class='wp-caption-text gallery-caption' id='gallery-1-5748'>\n\t\t\t\tCr\u00e9dito: Ant\u00f4nio Barrigana\/Divulga\u00e7\u00e3o\n\t\t\t\t<\/figcaption><\/figure><figure class='gallery-item'>\n\t\t\t<div class='gallery-icon landscape'>\n\t\t\t\t<a href='https:\/\/blogs.correiobraziliense.com.br\/lianasabo\/o-tuga-todos-os-dias-no-casapark\/whatsapp-image-2022-05-26-at-16-14-40\/'><img loading=\"lazy\" decoding=\"async\" width=\"800\" height=\"600\" src=\"https:\/\/blogs.correiobraziliense.com.br\/lianasabo\/wp-content\/uploads\/sites\/25\/2022\/05\/WhatsApp-Image-2022-05-26-at-16.14.40.jpeg\" class=\"attachment-large size-large\" alt=\"\" aria-describedby=\"gallery-1-5749\" srcset=\"https:\/\/blogs.correiobraziliense.com.br\/lianasabo\/wp-content\/uploads\/sites\/25\/2022\/05\/WhatsApp-Image-2022-05-26-at-16.14.40.jpeg 800w, https:\/\/blogs.correiobraziliense.com.br\/lianasabo\/wp-content\/uploads\/sites\/25\/2022\/05\/WhatsApp-Image-2022-05-26-at-16.14.40-300x225.jpeg 300w, https:\/\/blogs.correiobraziliense.com.br\/lianasabo\/wp-content\/uploads\/sites\/25\/2022\/05\/WhatsApp-Image-2022-05-26-at-16.14.40-768x576.jpeg 768w, https:\/\/blogs.correiobraziliense.com.br\/lianasabo\/wp-content\/uploads\/sites\/25\/2022\/05\/WhatsApp-Image-2022-05-26-at-16.14.40-550x413.jpeg 550w, https:\/\/blogs.correiobraziliense.com.br\/lianasabo\/wp-content\/uploads\/sites\/25\/2022\/05\/WhatsApp-Image-2022-05-26-at-16.14.40-230x173.jpeg 230w\" sizes=\"auto, (max-width: 800px) 100vw, 800px\" \/><\/a>\n\t\t\t<\/div>\n\t\t\t\t<figcaption class='wp-caption-text gallery-caption' id='gallery-1-5749'>\n\t\t\t\tCr\u00e9dito: Ant\u00f4nio Barrigana\/Divulga\u00e7\u00e3o\n\t\t\t\t<\/figcaption><\/figure><figure class='gallery-item'>\n\t\t\t<div class='gallery-icon landscape'>\n\t\t\t\t<a href='https:\/\/blogs.correiobraziliense.com.br\/lianasabo\/o-tuga-todos-os-dias-no-casapark\/whatsapp-image-2022-05-26-at-16-14-39-1\/'><img loading=\"lazy\" decoding=\"async\" width=\"800\" height=\"600\" src=\"https:\/\/blogs.correiobraziliense.com.br\/lianasabo\/wp-content\/uploads\/sites\/25\/2022\/05\/WhatsApp-Image-2022-05-26-at-16.14.39-1.jpeg\" class=\"attachment-large size-large\" alt=\"\" aria-describedby=\"gallery-1-5750\" srcset=\"https:\/\/blogs.correiobraziliense.com.br\/lianasabo\/wp-content\/uploads\/sites\/25\/2022\/05\/WhatsApp-Image-2022-05-26-at-16.14.39-1.jpeg 800w, https:\/\/blogs.correiobraziliense.com.br\/lianasabo\/wp-content\/uploads\/sites\/25\/2022\/05\/WhatsApp-Image-2022-05-26-at-16.14.39-1-300x225.jpeg 300w, https:\/\/blogs.correiobraziliense.com.br\/lianasabo\/wp-content\/uploads\/sites\/25\/2022\/05\/WhatsApp-Image-2022-05-26-at-16.14.39-1-768x576.jpeg 768w, https:\/\/blogs.correiobraziliense.com.br\/lianasabo\/wp-content\/uploads\/sites\/25\/2022\/05\/WhatsApp-Image-2022-05-26-at-16.14.39-1-550x413.jpeg 550w, https:\/\/blogs.correiobraziliense.com.br\/lianasabo\/wp-content\/uploads\/sites\/25\/2022\/05\/WhatsApp-Image-2022-05-26-at-16.14.39-1-230x173.jpeg 230w\" sizes=\"auto, (max-width: 800px) 100vw, 800px\" \/><\/a>\n\t\t\t<\/div>\n\t\t\t\t<figcaption class='wp-caption-text gallery-caption' id='gallery-1-5750'>\n\t\t\t\tCr\u00e9dito: Ant\u00f4nio Barrigana\/Divulga\u00e7\u00e3o\n\t\t\t\t<\/figcaption><\/figure><figure class='gallery-item'>\n\t\t\t<div class='gallery-icon landscape'>\n\t\t\t\t<a href='https:\/\/blogs.correiobraziliense.com.br\/lianasabo\/o-tuga-todos-os-dias-no-casapark\/whatsapp-image-2022-05-26-at-16-14-59\/'><img loading=\"lazy\" decoding=\"async\" width=\"800\" height=\"600\" src=\"https:\/\/blogs.correiobraziliense.com.br\/lianasabo\/wp-content\/uploads\/sites\/25\/2022\/05\/WhatsApp-Image-2022-05-26-at-16.14.59.jpeg\" class=\"attachment-large size-large\" alt=\"\" srcset=\"https:\/\/blogs.correiobraziliense.com.br\/lianasabo\/wp-content\/uploads\/sites\/25\/2022\/05\/WhatsApp-Image-2022-05-26-at-16.14.59.jpeg 800w, https:\/\/blogs.correiobraziliense.com.br\/lianasabo\/wp-content\/uploads\/sites\/25\/2022\/05\/WhatsApp-Image-2022-05-26-at-16.14.59-300x225.jpeg 300w, https:\/\/blogs.correiobraziliense.com.br\/lianasabo\/wp-content\/uploads\/sites\/25\/2022\/05\/WhatsApp-Image-2022-05-26-at-16.14.59-768x576.jpeg 768w, https:\/\/blogs.correiobraziliense.com.br\/lianasabo\/wp-content\/uploads\/sites\/25\/2022\/05\/WhatsApp-Image-2022-05-26-at-16.14.59-550x413.jpeg 550w, https:\/\/blogs.correiobraziliense.com.br\/lianasabo\/wp-content\/uploads\/sites\/25\/2022\/05\/WhatsApp-Image-2022-05-26-at-16.14.59-230x173.jpeg 230w\" sizes=\"auto, (max-width: 800px) 100vw, 800px\" \/><\/a>\n\t\t\t<\/div><\/figure>\n\t\t<\/div>\n\n<p>Destaque \u00e9 o cl\u00e1ssico bacalhau \u00e0 lagareiro (R$ 168), feito com o lombo do gadhus morhua assado escoltado de batatas ao murro, ovo cozido e br\u00f3colis temperado com ervas e finalizado com alho e azeite extravirgem portugu\u00eas. O empres\u00e1rio Marcelo Baroni divide com Barrigana o comando da casa que funciona todos os dias, de ter\u00e7a a domingo para almo\u00e7o e jantar e segunda, s\u00f3 almo\u00e7o. Telefone: 98403-1122.<\/p>\n","protected":false},"excerpt":{"rendered":"<p>Com card\u00e1pio enxuto de apenas meia d\u00fazia de deliciosos pratos de bacalhau, uma lula grelhada na brasa e uma sugest\u00e3o de arroz de pato, o restaurateur Antonio Machado Barrigana inaugurou semana passada, no CasaPark, a loja f\u00edsica de sua grife O Tuga, nascida \u00e0 beira da pista da Ponte JK, que serviu menu lusitano somente nos fins de semana e [&hellip;]<\/p>\n","protected":false},"author":54,"featured_media":5747,"comment_status":"open","ping_status":"open","sticky":false,"template":"","format":"standard","meta":{"footnotes":""},"categories":[320],"tags":[435,185,261],"class_list":["post-5746","post","type-post","status-publish","format-standard","has-post-thumbnail","hentry","category-culinaria-internacional","tag-bacalhau","tag-casapark","tag-o-tuga"],"_links":{"self":[{"href":"https:\/\/blogs.correiobraziliense.com.br\/lianasabo\/wp-json\/wp\/v2\/posts\/5746","targetHints":{"allow":["GET"]}}],"collection":[{"href":"https:\/\/blogs.correiobraziliense.com.br\/lianasabo\/wp-json\/wp\/v2\/posts"}],"about":[{"href":"https:\/\/blogs.correiobraziliense.com.br\/lianasabo\/wp-json\/wp\/v2\/types\/post"}],"author":[{"embeddable":true,"href":"https:\/\/blogs.correiobraziliense.com.br\/lianasabo\/wp-json\/wp\/v2\/users\/54"}],"replies":[{"embeddable":true,"href":"https:\/\/blogs.correiobraziliense.com.br\/lianasabo\/wp-json\/wp\/v2\/comments?post=5746"}],"version-history":[{"count":2,"href":"https:\/\/blogs.correiobraziliense.com.br\/lianasabo\/wp-json\/wp\/v2\/posts\/5746\/revisions"}],"predecessor-version":[{"id":5753,"href":"https:\/\/blogs.correiobraziliense.com.br\/lianasabo\/wp-json\/wp\/v2\/posts\/5746\/revisions\/5753"}],"wp:featuredmedia":[{"embeddable":true,"href":"https:\/\/blogs.correiobraziliense.com.br\/lianasabo\/wp-json\/wp\/v2\/media\/5747"}],"wp:attachment":[{"href":"https:\/\/blogs.correiobraziliense.com.br\/lianasabo\/wp-json\/wp\/v2\/media?parent=5746"}],"wp:term":[{"taxonomy":"category","embeddable":true,"href":"https:\/\/blogs.correiobraziliense.com.br\/lianasabo\/wp-json\/wp\/v2\/categories?post=5746"},{"taxonomy":"post_tag","embeddable":true,"href":"https:\/\/blogs.correiobraziliense.com.br\/lianasabo\/wp-json\/wp\/v2\/tags?post=5746"}],"curies":[{"name":"wp","href":"https:\/\/api.w.org\/{rel}","templated":true}]}}