{"id":5735,"date":"2022-05-27T09:45:43","date_gmt":"2022-05-27T12:45:43","guid":{"rendered":"https:\/\/blogs.correiobraziliense.com.br\/lianasabo\/?p=5735"},"modified":"2022-05-27T09:45:43","modified_gmt":"2022-05-27T12:45:43","slug":"futura-embaixadora-do-mexico-no-brasil-destaca-a-cozinha-como-base-de-toda-acao-politica","status":"publish","type":"post","link":"https:\/\/blogs.correiobraziliense.com.br\/lianasabo\/futura-embaixadora-do-mexico-no-brasil-destaca-a-cozinha-como-base-de-toda-acao-politica\/","title":{"rendered":"Futura embaixadora do M\u00e9xico no Brasil destaca a cozinha como base de toda a\u00e7\u00e3o pol\u00edtica"},"content":{"rendered":"<p>Autora do livro <em>Como \u00e1gua para chocolate<\/em>, Laura Esquivel est\u00e1 sendo esperada no m\u00eas de julho para assumir o cargo de embaixadora do M\u00e9xico no Brasil. Na representa\u00e7\u00e3o diplom\u00e1tica, a expectativa \u00e9 muito grande quanto \u00e0 atua\u00e7\u00e3o da futura embaixadora, que j\u00e1 afirmou se concentrar \u201cna cozinha e semeando utopias&#8221;.<\/p>\n<p>&#8220;A cozinha \u00e9 a base de toda a\u00e7\u00e3o pol\u00edtica. O que um povo semeia, compartilha e distribui diz muito sobre uma na\u00e7\u00e3o. Existe uma falsa e equivocada rela\u00e7\u00e3o com o que comemos. O b\u00e1sico \u00e9 o que vamos semear, que n\u00e3o nos obriguem a semear transg\u00eanicos\u201d, declarou Esquivel, numa entrevista ao <em>O Globo<\/em>.<\/p>\n<p>Escritora, dramaturga e ex-deputada Laura Esquivel surpreendeu com a narrativa de seu best-seller por conta das receitas que se misturam com a hist\u00f3ria de amor entre Pedro e Tita. Quem conhece a escritora garante que ela pr\u00f3pria \u00e9 uma ex\u00edmia cozinheira.<\/p>\n","protected":false},"excerpt":{"rendered":"<p>Autora do livro Como \u00e1gua para chocolate, Laura Esquivel est\u00e1 sendo esperada no m\u00eas de julho para assumir o cargo de embaixadora do M\u00e9xico no Brasil. Na representa\u00e7\u00e3o diplom\u00e1tica, a expectativa \u00e9 muito grande quanto \u00e0 atua\u00e7\u00e3o da futura embaixadora, que j\u00e1 afirmou se concentrar \u201cna cozinha e semeando utopias&#8221;. &#8220;A cozinha \u00e9 a base de toda a\u00e7\u00e3o pol\u00edtica. O [&hellip;]<\/p>\n","protected":false},"author":54,"featured_media":5736,"comment_status":"open","ping_status":"open","sticky":false,"template":"","format":"standard","meta":{"footnotes":""},"categories":[1],"tags":[464],"class_list":["post-5735","post","type-post","status-publish","format-standard","has-post-thumbnail","hentry","category-sem-categoria","tag-laura-esquivel"],"_links":{"self":[{"href":"https:\/\/blogs.correiobraziliense.com.br\/lianasabo\/wp-json\/wp\/v2\/posts\/5735","targetHints":{"allow":["GET"]}}],"collection":[{"href":"https:\/\/blogs.correiobraziliense.com.br\/lianasabo\/wp-json\/wp\/v2\/posts"}],"about":[{"href":"https:\/\/blogs.correiobraziliense.com.br\/lianasabo\/wp-json\/wp\/v2\/types\/post"}],"author":[{"embeddable":true,"href":"https:\/\/blogs.correiobraziliense.com.br\/lianasabo\/wp-json\/wp\/v2\/users\/54"}],"replies":[{"embeddable":true,"href":"https:\/\/blogs.correiobraziliense.com.br\/lianasabo\/wp-json\/wp\/v2\/comments?post=5735"}],"version-history":[{"count":1,"href":"https:\/\/blogs.correiobraziliense.com.br\/lianasabo\/wp-json\/wp\/v2\/posts\/5735\/revisions"}],"predecessor-version":[{"id":5737,"href":"https:\/\/blogs.correiobraziliense.com.br\/lianasabo\/wp-json\/wp\/v2\/posts\/5735\/revisions\/5737"}],"wp:featuredmedia":[{"embeddable":true,"href":"https:\/\/blogs.correiobraziliense.com.br\/lianasabo\/wp-json\/wp\/v2\/media\/5736"}],"wp:attachment":[{"href":"https:\/\/blogs.correiobraziliense.com.br\/lianasabo\/wp-json\/wp\/v2\/media?parent=5735"}],"wp:term":[{"taxonomy":"category","embeddable":true,"href":"https:\/\/blogs.correiobraziliense.com.br\/lianasabo\/wp-json\/wp\/v2\/categories?post=5735"},{"taxonomy":"post_tag","embeddable":true,"href":"https:\/\/blogs.correiobraziliense.com.br\/lianasabo\/wp-json\/wp\/v2\/tags?post=5735"}],"curies":[{"name":"wp","href":"https:\/\/api.w.org\/{rel}","templated":true}]}}