{"id":5693,"date":"2022-05-18T13:05:44","date_gmt":"2022-05-18T16:05:44","guid":{"rendered":"https:\/\/blogs.correiobraziliense.com.br\/lianasabo\/?p=5693"},"modified":"2022-05-18T13:09:37","modified_gmt":"2022-05-18T16:09:37","slug":"7-edicao-do-panela-candanga-comeca-nesta-quinta-feira-19-no-casapark","status":"publish","type":"post","link":"https:\/\/blogs.correiobraziliense.com.br\/lianasabo\/7-edicao-do-panela-candanga-comeca-nesta-quinta-feira-19-no-casapark\/","title":{"rendered":"7\u00aa edi\u00e7\u00e3o do Panela Candanga come\u00e7a nesta quinta-feira (19) no Casapark"},"content":{"rendered":"<p>A riqueza gastron\u00f4mica do Distrito Federal e Entorno ser\u00e1 celebrada na 7\u00aa edi\u00e7\u00e3o da feira Panela Candanga, que come\u00e7a nesta quinta-feira (19\/5) e segue at\u00e9 domingo (22), no Casapark. Ser\u00e3o 25 produtores regionais comercializando embutidos, defumados, queijos, p\u00e3es, doces, conservas, cervejas, caf\u00e9s, ch\u00e1s, infus\u00f5es e produtores veganos e vegetarianos.<\/p>\n<figure id=\"attachment_5695\" aria-describedby=\"caption-attachment-5695\" style=\"width: 263px\" class=\"wp-caption alignright\"><a href=\"https:\/\/blogs.correiobraziliense.com.br\/lianasabo\/wp-content\/uploads\/sites\/25\/2022\/05\/Dom-Brandi-.jpeg\"><img loading=\"lazy\" decoding=\"async\" class=\"wp-image-5695 size-medium\" src=\"https:\/\/blogs.correiobraziliense.com.br\/lianasabo\/wp-content\/uploads\/sites\/25\/2022\/05\/Dom-Brandi--263x300.jpeg\" alt=\"\" width=\"263\" height=\"300\" srcset=\"https:\/\/blogs.correiobraziliense.com.br\/lianasabo\/wp-content\/uploads\/sites\/25\/2022\/05\/Dom-Brandi--263x300.jpeg 263w, https:\/\/blogs.correiobraziliense.com.br\/lianasabo\/wp-content\/uploads\/sites\/25\/2022\/05\/Dom-Brandi--768x877.jpeg 768w, https:\/\/blogs.correiobraziliense.com.br\/lianasabo\/wp-content\/uploads\/sites\/25\/2022\/05\/Dom-Brandi-.jpeg 800w, https:\/\/blogs.correiobraziliense.com.br\/lianasabo\/wp-content\/uploads\/sites\/25\/2022\/05\/Dom-Brandi--550x628.jpeg 550w, https:\/\/blogs.correiobraziliense.com.br\/lianasabo\/wp-content\/uploads\/sites\/25\/2022\/05\/Dom-Brandi--230x263.jpeg 230w\" sizes=\"auto, (max-width: 263px) 100vw, 263px\" \/><\/a><figcaption id=\"caption-attachment-5695\" class=\"wp-caption-text\">Dom Bradi estar\u00e1 com molhos org\u00e2nicos, conservas e geleia. Cr\u00e9dito: Casapark\/Divulga\u00e7\u00e3o<\/figcaption><\/figure>\n<p>Est\u00e3o confirmadas as presen\u00e7as de produtores e marcas como Goy\u00e1s Defumados, com defumados e produtos da ro\u00e7a do Goi\u00e1s; Wanna Brie &#8211; Queijaria Viva, apresentando queijos veganos; Corina, com as tradicionais cervejas artesanais; Dom Brandi, comercializando molhos org\u00e2nicos, conservas e geleia; L\u00e9o Cacau Gourmet, com produtos feitos de cacau, castanha e frutos desidratados; e Caf\u00e9 Honesta, que vende caf\u00e9s feitos por mulheres.<\/p>\n<p>Com entrada franca, o evento ocorre na Pra\u00e7a Central de quinta a s\u00e1bado, das 12h \u00e0s 21h, e domingo, das 12h \u00e0s 20h. A Panela Candanga \u00e9 produzida por Carol Monteiro e Luciana Fabrino Alcamim em parceria com Gracilene Bessa.<\/p>\n<p><strong>7\u00aa Panela Candanga<\/strong><br \/>\nPra\u00e7a Central do Casapark<br \/>\nDe quinta a s\u00e1bado (17 a 21\/5), das 12h \u00e0s 21h. Domingo (22), das 12h \u00e0s 20h. Entrada gratuita e livre para todos os p\u00fablicos.<\/p>\n","protected":false},"excerpt":{"rendered":"<p>A riqueza gastron\u00f4mica do Distrito Federal e Entorno ser\u00e1 celebrada na 7\u00aa edi\u00e7\u00e3o da feira Panela Candanga, que come\u00e7a nesta quinta-feira (19\/5) e segue at\u00e9 domingo (22), no Casapark. Ser\u00e3o 25 produtores regionais comercializando embutidos, defumados, queijos, p\u00e3es, doces, conservas, cervejas, caf\u00e9s, ch\u00e1s, infus\u00f5es e produtores veganos e vegetarianos. Est\u00e3o confirmadas as presen\u00e7as de produtores e marcas como Goy\u00e1s Defumados, [&hellip;]<\/p>\n","protected":false},"author":54,"featured_media":5694,"comment_status":"open","ping_status":"open","sticky":false,"template":"","format":"standard","meta":{"footnotes":""},"categories":[201],"tags":[185,450,448,36,449],"class_list":["post-5693","post","type-post","status-publish","format-standard","has-post-thumbnail","hentry","category-festival","tag-casapark","tag-cozinha-candanga","tag-feira","tag-panela-candanga","tag-produtos-locais"],"_links":{"self":[{"href":"https:\/\/blogs.correiobraziliense.com.br\/lianasabo\/wp-json\/wp\/v2\/posts\/5693","targetHints":{"allow":["GET"]}}],"collection":[{"href":"https:\/\/blogs.correiobraziliense.com.br\/lianasabo\/wp-json\/wp\/v2\/posts"}],"about":[{"href":"https:\/\/blogs.correiobraziliense.com.br\/lianasabo\/wp-json\/wp\/v2\/types\/post"}],"author":[{"embeddable":true,"href":"https:\/\/blogs.correiobraziliense.com.br\/lianasabo\/wp-json\/wp\/v2\/users\/54"}],"replies":[{"embeddable":true,"href":"https:\/\/blogs.correiobraziliense.com.br\/lianasabo\/wp-json\/wp\/v2\/comments?post=5693"}],"version-history":[{"count":3,"href":"https:\/\/blogs.correiobraziliense.com.br\/lianasabo\/wp-json\/wp\/v2\/posts\/5693\/revisions"}],"predecessor-version":[{"id":5698,"href":"https:\/\/blogs.correiobraziliense.com.br\/lianasabo\/wp-json\/wp\/v2\/posts\/5693\/revisions\/5698"}],"wp:featuredmedia":[{"embeddable":true,"href":"https:\/\/blogs.correiobraziliense.com.br\/lianasabo\/wp-json\/wp\/v2\/media\/5694"}],"wp:attachment":[{"href":"https:\/\/blogs.correiobraziliense.com.br\/lianasabo\/wp-json\/wp\/v2\/media?parent=5693"}],"wp:term":[{"taxonomy":"category","embeddable":true,"href":"https:\/\/blogs.correiobraziliense.com.br\/lianasabo\/wp-json\/wp\/v2\/categories?post=5693"},{"taxonomy":"post_tag","embeddable":true,"href":"https:\/\/blogs.correiobraziliense.com.br\/lianasabo\/wp-json\/wp\/v2\/tags?post=5693"}],"curies":[{"name":"wp","href":"https:\/\/api.w.org\/{rel}","templated":true}]}}