{"id":5687,"date":"2022-05-13T09:51:05","date_gmt":"2022-05-13T12:51:05","guid":{"rendered":"https:\/\/blogs.correiobraziliense.com.br\/lianasabo\/?p=5687"},"modified":"2022-05-13T09:51:05","modified_gmt":"2022-05-13T12:51:05","slug":"cafe-oya-promove-a-sexta-edicao-do-festival-de-coxinhas","status":"publish","type":"post","link":"https:\/\/blogs.correiobraziliense.com.br\/lianasabo\/cafe-oya-promove-a-sexta-edicao-do-festival-de-coxinhas\/","title":{"rendered":"Caf\u00e9 Oy\u00e1 promove a sexta edi\u00e7\u00e3o do festival de coxinhas"},"content":{"rendered":"<p>Um dos salgados mais populares e consumidos do Brasil, a coxinha ser\u00e1 protagonista no card\u00e1pio do Caf\u00e9 Oy\u00e1, na 109 Norte, na sexta edi\u00e7\u00e3o do festival Coxinhas dos Sonhos. No dia 19 de maio ser\u00e3o apresentados seis tipos de sabores da iguaria. S\u00e3o eles: jaca com ok.jo cremoso; palmito cremoso; brigadeiro; shitake com espinafre; e costelinha de Eryngui.<\/p>\n<p><strong>Servi\u00e7o<\/strong><br \/>\n<strong>Festival Coxinhas dos Sonhos<\/strong><br \/>\nCaf\u00e9 Oy\u00e1 (CLN 109 bloco A loja 60). Em 19 de maio, das 17h \u00e0s 21h30. Valor unit\u00e1rio: R$ 13.<\/p>\n","protected":false},"excerpt":{"rendered":"<p>Um dos salgados mais populares e consumidos do Brasil, a coxinha ser\u00e1 protagonista no card\u00e1pio do Caf\u00e9 Oy\u00e1, na 109 Norte, na sexta edi\u00e7\u00e3o do festival Coxinhas dos Sonhos. No dia 19 de maio ser\u00e3o apresentados seis tipos de sabores da iguaria. S\u00e3o eles: jaca com ok.jo cremoso; palmito cremoso; brigadeiro; shitake com espinafre; e costelinha de Eryngui. Servi\u00e7o Festival [&hellip;]<\/p>\n","protected":false},"author":54,"featured_media":5688,"comment_status":"open","ping_status":"open","sticky":false,"template":"","format":"standard","meta":{"footnotes":""},"categories":[201],"tags":[447,445,446,54],"class_list":["post-5687","post","type-post","status-publish","format-standard","has-post-thumbnail","hentry","category-festival","tag-cafe-oya","tag-coxinha","tag-coxinha-dos-sonhos","tag-festival"],"_links":{"self":[{"href":"https:\/\/blogs.correiobraziliense.com.br\/lianasabo\/wp-json\/wp\/v2\/posts\/5687","targetHints":{"allow":["GET"]}}],"collection":[{"href":"https:\/\/blogs.correiobraziliense.com.br\/lianasabo\/wp-json\/wp\/v2\/posts"}],"about":[{"href":"https:\/\/blogs.correiobraziliense.com.br\/lianasabo\/wp-json\/wp\/v2\/types\/post"}],"author":[{"embeddable":true,"href":"https:\/\/blogs.correiobraziliense.com.br\/lianasabo\/wp-json\/wp\/v2\/users\/54"}],"replies":[{"embeddable":true,"href":"https:\/\/blogs.correiobraziliense.com.br\/lianasabo\/wp-json\/wp\/v2\/comments?post=5687"}],"version-history":[{"count":1,"href":"https:\/\/blogs.correiobraziliense.com.br\/lianasabo\/wp-json\/wp\/v2\/posts\/5687\/revisions"}],"predecessor-version":[{"id":5689,"href":"https:\/\/blogs.correiobraziliense.com.br\/lianasabo\/wp-json\/wp\/v2\/posts\/5687\/revisions\/5689"}],"wp:featuredmedia":[{"embeddable":true,"href":"https:\/\/blogs.correiobraziliense.com.br\/lianasabo\/wp-json\/wp\/v2\/media\/5688"}],"wp:attachment":[{"href":"https:\/\/blogs.correiobraziliense.com.br\/lianasabo\/wp-json\/wp\/v2\/media?parent=5687"}],"wp:term":[{"taxonomy":"category","embeddable":true,"href":"https:\/\/blogs.correiobraziliense.com.br\/lianasabo\/wp-json\/wp\/v2\/categories?post=5687"},{"taxonomy":"post_tag","embeddable":true,"href":"https:\/\/blogs.correiobraziliense.com.br\/lianasabo\/wp-json\/wp\/v2\/tags?post=5687"}],"curies":[{"name":"wp","href":"https:\/\/api.w.org\/{rel}","templated":true}]}}