{"id":5684,"date":"2022-05-13T09:45:21","date_gmt":"2022-05-13T12:45:21","guid":{"rendered":"https:\/\/blogs.correiobraziliense.com.br\/lianasabo\/?p=5684"},"modified":"2022-05-13T10:09:59","modified_gmt":"2022-05-13T13:09:59","slug":"biscoistos-alemas-com-ingredientes-locais-na-grife-gaucha-marga-stroher","status":"publish","type":"post","link":"https:\/\/blogs.correiobraziliense.com.br\/lianasabo\/biscoistos-alemas-com-ingredientes-locais-na-grife-gaucha-marga-stroher\/","title":{"rendered":"Biscoistos alem\u00e3s com ingredientes locais na grife da ga\u00facha Marga Str\u00f6her"},"content":{"rendered":"<p>Componentes que v\u00e3o bem em muitas prepara\u00e7\u00f5es, da cacha\u00e7a ao biscoito. Da\u00ed se chamar Honig, que no idioma alem\u00e3o \u00e9 mel, a grife da ga\u00facha Marga Str\u00f6her, que antes de se tornar artes\u00e3, estudou em Munique onde aprendeu a preparar diversas receitas de biscoitos alem\u00e3es, que ela desenvolveu aqui acrescentando outros ingredientes locais. Podem ser tem\u00e1ticos: depois dos coelhinhos e ovos da P\u00e1scoa, veio o cora\u00e7\u00e3o de m\u00e3e e saem no formato que o fregu\u00eas quiser, como moedinhas de massa de lim\u00e3o siciliano cobertas com fina camada glaceada de suco de lim\u00e3o. Outros sabores: castanha do Brasil, amendoim, canela e laranja com cardamomo. Uma del\u00edcia. Telefone: 99995-0667.<\/p>\n","protected":false},"excerpt":{"rendered":"<p>Componentes que v\u00e3o bem em muitas prepara\u00e7\u00f5es, da cacha\u00e7a ao biscoito. Da\u00ed se chamar Honig, que no idioma alem\u00e3o \u00e9 mel, a grife da ga\u00facha Marga Str\u00f6her, que antes de se tornar artes\u00e3, estudou em Munique onde aprendeu a preparar diversas receitas de biscoitos alem\u00e3es, que ela desenvolveu aqui acrescentando outros ingredientes locais. Podem ser tem\u00e1ticos: depois dos coelhinhos e [&hellip;]<\/p>\n","protected":false},"author":54,"featured_media":5685,"comment_status":"open","ping_status":"open","sticky":false,"template":"","format":"standard","meta":{"footnotes":""},"categories":[140],"tags":[443,442,444],"class_list":["post-5684","post","type-post","status-publish","format-standard","has-post-thumbnail","hentry","category-confeitaria","tag-alemao","tag-biscoito","tag-marga-stroher"],"_links":{"self":[{"href":"https:\/\/blogs.correiobraziliense.com.br\/lianasabo\/wp-json\/wp\/v2\/posts\/5684","targetHints":{"allow":["GET"]}}],"collection":[{"href":"https:\/\/blogs.correiobraziliense.com.br\/lianasabo\/wp-json\/wp\/v2\/posts"}],"about":[{"href":"https:\/\/blogs.correiobraziliense.com.br\/lianasabo\/wp-json\/wp\/v2\/types\/post"}],"author":[{"embeddable":true,"href":"https:\/\/blogs.correiobraziliense.com.br\/lianasabo\/wp-json\/wp\/v2\/users\/54"}],"replies":[{"embeddable":true,"href":"https:\/\/blogs.correiobraziliense.com.br\/lianasabo\/wp-json\/wp\/v2\/comments?post=5684"}],"version-history":[{"count":3,"href":"https:\/\/blogs.correiobraziliense.com.br\/lianasabo\/wp-json\/wp\/v2\/posts\/5684\/revisions"}],"predecessor-version":[{"id":5691,"href":"https:\/\/blogs.correiobraziliense.com.br\/lianasabo\/wp-json\/wp\/v2\/posts\/5684\/revisions\/5691"}],"wp:featuredmedia":[{"embeddable":true,"href":"https:\/\/blogs.correiobraziliense.com.br\/lianasabo\/wp-json\/wp\/v2\/media\/5685"}],"wp:attachment":[{"href":"https:\/\/blogs.correiobraziliense.com.br\/lianasabo\/wp-json\/wp\/v2\/media?parent=5684"}],"wp:term":[{"taxonomy":"category","embeddable":true,"href":"https:\/\/blogs.correiobraziliense.com.br\/lianasabo\/wp-json\/wp\/v2\/categories?post=5684"},{"taxonomy":"post_tag","embeddable":true,"href":"https:\/\/blogs.correiobraziliense.com.br\/lianasabo\/wp-json\/wp\/v2\/tags?post=5684"}],"curies":[{"name":"wp","href":"https:\/\/api.w.org\/{rel}","templated":true}]}}