{"id":5681,"date":"2022-05-13T09:41:22","date_gmt":"2022-05-13T12:41:22","guid":{"rendered":"https:\/\/blogs.correiobraziliense.com.br\/lianasabo\/?p=5681"},"modified":"2022-05-13T09:41:22","modified_gmt":"2022-05-13T12:41:22","slug":"roberta-azevedo-assina-cardapio-especial-da-belini","status":"publish","type":"post","link":"https:\/\/blogs.correiobraziliense.com.br\/lianasabo\/roberta-azevedo-assina-cardapio-especial-da-belini\/","title":{"rendered":"Roberta Azevedo assina card\u00e1pio especial da Belini"},"content":{"rendered":"<p>A criativa chef Roberta Azevedo, da Comedoria Sazonal, que participou da Semana do Kimchi, assina agora e at\u00e9 o domingo, 22, o card\u00e1pio da Belini (113 Sul). Com duas entradas \u2013 piment\u00e3o recheado com quinoa e coalhada da casa gratinado com queijo e salsa criolla e a esfera vegana de guacamole com pico de gallo e chips de mandioca \u2013 o menu tem tr\u00eas sugest\u00f5es principais a escolher: arroz jollof (perfumado t\u00edpico africano) com banana em casca de bacon; guisado de gr\u00e3o de bico com a\u00e7afr\u00e3o da terra e espinafre, quinoa soltinha e ovo frito e barriga de pirarucu ao molho tahine, especiarias e coentro com pur\u00ea de mandioca, farofa de talos e quiabo assado. Por R$ 59 no almo\u00e7o e jantar.<\/p>\n","protected":false},"excerpt":{"rendered":"<p>A criativa chef Roberta Azevedo, da Comedoria Sazonal, que participou da Semana do Kimchi, assina agora e at\u00e9 o domingo, 22, o card\u00e1pio da Belini (113 Sul). Com duas entradas \u2013 piment\u00e3o recheado com quinoa e coalhada da casa gratinado com queijo e salsa criolla e a esfera vegana de guacamole com pico de gallo e chips de mandioca \u2013 [&hellip;]<\/p>\n","protected":false},"author":54,"featured_media":5682,"comment_status":"open","ping_status":"open","sticky":false,"template":"","format":"standard","meta":{"footnotes":""},"categories":[211],"tags":[30,348,441],"class_list":["post-5681","post","type-post","status-publish","format-standard","has-post-thumbnail","hentry","category-cafes","tag-belini","tag-menu","tag-roberta-azevedo"],"_links":{"self":[{"href":"https:\/\/blogs.correiobraziliense.com.br\/lianasabo\/wp-json\/wp\/v2\/posts\/5681","targetHints":{"allow":["GET"]}}],"collection":[{"href":"https:\/\/blogs.correiobraziliense.com.br\/lianasabo\/wp-json\/wp\/v2\/posts"}],"about":[{"href":"https:\/\/blogs.correiobraziliense.com.br\/lianasabo\/wp-json\/wp\/v2\/types\/post"}],"author":[{"embeddable":true,"href":"https:\/\/blogs.correiobraziliense.com.br\/lianasabo\/wp-json\/wp\/v2\/users\/54"}],"replies":[{"embeddable":true,"href":"https:\/\/blogs.correiobraziliense.com.br\/lianasabo\/wp-json\/wp\/v2\/comments?post=5681"}],"version-history":[{"count":1,"href":"https:\/\/blogs.correiobraziliense.com.br\/lianasabo\/wp-json\/wp\/v2\/posts\/5681\/revisions"}],"predecessor-version":[{"id":5683,"href":"https:\/\/blogs.correiobraziliense.com.br\/lianasabo\/wp-json\/wp\/v2\/posts\/5681\/revisions\/5683"}],"wp:featuredmedia":[{"embeddable":true,"href":"https:\/\/blogs.correiobraziliense.com.br\/lianasabo\/wp-json\/wp\/v2\/media\/5682"}],"wp:attachment":[{"href":"https:\/\/blogs.correiobraziliense.com.br\/lianasabo\/wp-json\/wp\/v2\/media?parent=5681"}],"wp:term":[{"taxonomy":"category","embeddable":true,"href":"https:\/\/blogs.correiobraziliense.com.br\/lianasabo\/wp-json\/wp\/v2\/categories?post=5681"},{"taxonomy":"post_tag","embeddable":true,"href":"https:\/\/blogs.correiobraziliense.com.br\/lianasabo\/wp-json\/wp\/v2\/tags?post=5681"}],"curies":[{"name":"wp","href":"https:\/\/api.w.org\/{rel}","templated":true}]}}