{"id":5660,"date":"2022-05-06T10:30:26","date_gmt":"2022-05-06T13:30:26","guid":{"rendered":"https:\/\/blogs.correiobraziliense.com.br\/lianasabo\/?p=5660"},"modified":"2022-05-06T10:30:26","modified_gmt":"2022-05-06T13:30:26","slug":"taste-festival-tera-edicao-em-brasilia","status":"publish","type":"post","link":"https:\/\/blogs.correiobraziliense.com.br\/lianasabo\/taste-festival-tera-edicao-em-brasilia\/","title":{"rendered":"Taste Festival ter\u00e1 edi\u00e7\u00e3o em Bras\u00edlia"},"content":{"rendered":"<p>Pela primeira vez, Bras\u00edlia receber\u00e1 o Taste Festival, evento gastron\u00f4mico presente em 13 cidades do planeta, inclusive S\u00e3o Paulo, onde vem sendo realizado desde 2016 promovido pelo Santander, que agora o apresenta no Pont\u00e3o do Lago Sul, durante dois fins de semana: 27 a 29 de maio e 3 a 5 de junho.<\/p>\n<p>Pre\u00e7os que cabem no bolso e variam de R$ 20 a R$ 45 ser\u00e3o cobrados pelas iguarias confeccionadas por renomados chefs. Menos de 15 grifes foram selecionadas \u2013 13 restaurantes e um bar &#8211; , o Southside comandado pelo mixologista Gustavo Guedes, que al\u00e9m de dominar os cl\u00e1ssicos, se destaca nos drinques criativos, muitos deles com o tempero do Cerrado. Ser\u00e3o cobrados ingressos, que j\u00e1 est\u00e3o \u00e0 venda online: <a href=\"http:\/\/Pela primeira vez, Bras\u00edlia receber\u00e1 o Taste Festival, evento gastron\u00f4mico presente em 13 cidades do planeta, inclusive S\u00e3o Paulo, onde vem sendo realizado desde 2016 promovido pelo Santander, que agora o apresenta no Pont\u00e3o do Lago Sul, durante dois fins de semana: 27 a 29 de maio e 3 a 5 de junho. Pre\u00e7os que cabem no bolso e variam de R$ 20 a R$ 45 ser\u00e3o cobrados pelas iguarias confeccionadas por renomados chefs. Menos de 15 grifes foram selecionadas \u2013 13 restaurantes e um bar - , o Southside comandado pelo mixologista Gustavo Guedes, que al\u00e9m de dominar os cl\u00e1ssicos, se destaca nos drinques criativos muitos deles com o tempero do Cerrado. Ser\u00e3o cobrados ingressos, que j\u00e1 est\u00e3o \u00e0 venda online: www.eventim.com.br\/artist\/taste-of-bsb\/\">www.eventim.com.br\/artist\/taste-of-bsb\/<\/a><\/p>\n","protected":false},"excerpt":{"rendered":"<p>Pela primeira vez, Bras\u00edlia receber\u00e1 o Taste Festival, evento gastron\u00f4mico presente em 13 cidades do planeta, inclusive S\u00e3o Paulo, onde vem sendo realizado desde 2016 promovido pelo Santander, que agora o apresenta no Pont\u00e3o do Lago Sul, durante dois fins de semana: 27 a 29 de maio e 3 a 5 de junho. Pre\u00e7os que cabem no bolso e variam [&hellip;]<\/p>\n","protected":false},"author":54,"featured_media":5661,"comment_status":"open","ping_status":"open","sticky":false,"template":"","format":"standard","meta":{"footnotes":""},"categories":[201],"tags":[54,436],"class_list":["post-5660","post","type-post","status-publish","format-standard","has-post-thumbnail","hentry","category-festival","tag-festival","tag-taste-brasilia"],"_links":{"self":[{"href":"https:\/\/blogs.correiobraziliense.com.br\/lianasabo\/wp-json\/wp\/v2\/posts\/5660","targetHints":{"allow":["GET"]}}],"collection":[{"href":"https:\/\/blogs.correiobraziliense.com.br\/lianasabo\/wp-json\/wp\/v2\/posts"}],"about":[{"href":"https:\/\/blogs.correiobraziliense.com.br\/lianasabo\/wp-json\/wp\/v2\/types\/post"}],"author":[{"embeddable":true,"href":"https:\/\/blogs.correiobraziliense.com.br\/lianasabo\/wp-json\/wp\/v2\/users\/54"}],"replies":[{"embeddable":true,"href":"https:\/\/blogs.correiobraziliense.com.br\/lianasabo\/wp-json\/wp\/v2\/comments?post=5660"}],"version-history":[{"count":1,"href":"https:\/\/blogs.correiobraziliense.com.br\/lianasabo\/wp-json\/wp\/v2\/posts\/5660\/revisions"}],"predecessor-version":[{"id":5662,"href":"https:\/\/blogs.correiobraziliense.com.br\/lianasabo\/wp-json\/wp\/v2\/posts\/5660\/revisions\/5662"}],"wp:featuredmedia":[{"embeddable":true,"href":"https:\/\/blogs.correiobraziliense.com.br\/lianasabo\/wp-json\/wp\/v2\/media\/5661"}],"wp:attachment":[{"href":"https:\/\/blogs.correiobraziliense.com.br\/lianasabo\/wp-json\/wp\/v2\/media?parent=5660"}],"wp:term":[{"taxonomy":"category","embeddable":true,"href":"https:\/\/blogs.correiobraziliense.com.br\/lianasabo\/wp-json\/wp\/v2\/categories?post=5660"},{"taxonomy":"post_tag","embeddable":true,"href":"https:\/\/blogs.correiobraziliense.com.br\/lianasabo\/wp-json\/wp\/v2\/tags?post=5660"}],"curies":[{"name":"wp","href":"https:\/\/api.w.org\/{rel}","templated":true}]}}