{"id":5657,"date":"2022-05-06T10:26:39","date_gmt":"2022-05-06T13:26:39","guid":{"rendered":"https:\/\/blogs.correiobraziliense.com.br\/lianasabo\/?p=5657"},"modified":"2022-05-06T10:26:39","modified_gmt":"2022-05-06T13:26:39","slug":"polvo-e-bacalhau-todos-os-dias-no-restaurante-o-tuga-no-casa-park","status":"publish","type":"post","link":"https:\/\/blogs.correiobraziliense.com.br\/lianasabo\/polvo-e-bacalhau-todos-os-dias-no-restaurante-o-tuga-no-casa-park\/","title":{"rendered":"Polvo e bacalhau todos os dias no restaurante O Tuga, no Casa Park"},"content":{"rendered":"<p>O polvo na brasa e o bacalhau a lagareiro, servidos at\u00e9 pouco tempo somente nos fins de semana na pista paralela ao acesso \u00e0 Ponte JK, poder\u00e3o ser degustados todos os dias, a partir do dia 20, quando o chef portugu\u00eas Antonio Machado Barrigana inaugurar o restaurante O Tuga no Casa Park. O novo point gastron\u00f4mico, que ocupa bonito espa\u00e7o externo do shopping, apresenta entre os pratos novos bacalhau do convento e o misto telhas e cataplana de bacalhau. Telefone: 98627-1122.<\/p>\n","protected":false},"excerpt":{"rendered":"<p>O polvo na brasa e o bacalhau a lagareiro, servidos at\u00e9 pouco tempo somente nos fins de semana na pista paralela ao acesso \u00e0 Ponte JK, poder\u00e3o ser degustados todos os dias, a partir do dia 20, quando o chef portugu\u00eas Antonio Machado Barrigana inaugurar o restaurante O Tuga no Casa Park. O novo point gastron\u00f4mico, que ocupa bonito espa\u00e7o [&hellip;]<\/p>\n","protected":false},"author":54,"featured_media":5658,"comment_status":"open","ping_status":"open","sticky":false,"template":"","format":"standard","meta":{"footnotes":""},"categories":[326],"tags":[435,65,261,398],"class_list":["post-5657","post","type-post","status-publish","format-standard","has-post-thumbnail","hentry","category-restaurantes","tag-bacalhau","tag-casa-park","tag-o-tuga","tag-polvo"],"_links":{"self":[{"href":"https:\/\/blogs.correiobraziliense.com.br\/lianasabo\/wp-json\/wp\/v2\/posts\/5657","targetHints":{"allow":["GET"]}}],"collection":[{"href":"https:\/\/blogs.correiobraziliense.com.br\/lianasabo\/wp-json\/wp\/v2\/posts"}],"about":[{"href":"https:\/\/blogs.correiobraziliense.com.br\/lianasabo\/wp-json\/wp\/v2\/types\/post"}],"author":[{"embeddable":true,"href":"https:\/\/blogs.correiobraziliense.com.br\/lianasabo\/wp-json\/wp\/v2\/users\/54"}],"replies":[{"embeddable":true,"href":"https:\/\/blogs.correiobraziliense.com.br\/lianasabo\/wp-json\/wp\/v2\/comments?post=5657"}],"version-history":[{"count":1,"href":"https:\/\/blogs.correiobraziliense.com.br\/lianasabo\/wp-json\/wp\/v2\/posts\/5657\/revisions"}],"predecessor-version":[{"id":5659,"href":"https:\/\/blogs.correiobraziliense.com.br\/lianasabo\/wp-json\/wp\/v2\/posts\/5657\/revisions\/5659"}],"wp:featuredmedia":[{"embeddable":true,"href":"https:\/\/blogs.correiobraziliense.com.br\/lianasabo\/wp-json\/wp\/v2\/media\/5658"}],"wp:attachment":[{"href":"https:\/\/blogs.correiobraziliense.com.br\/lianasabo\/wp-json\/wp\/v2\/media?parent=5657"}],"wp:term":[{"taxonomy":"category","embeddable":true,"href":"https:\/\/blogs.correiobraziliense.com.br\/lianasabo\/wp-json\/wp\/v2\/categories?post=5657"},{"taxonomy":"post_tag","embeddable":true,"href":"https:\/\/blogs.correiobraziliense.com.br\/lianasabo\/wp-json\/wp\/v2\/tags?post=5657"}],"curies":[{"name":"wp","href":"https:\/\/api.w.org\/{rel}","templated":true}]}}