{"id":5655,"date":"2022-05-06T10:20:29","date_gmt":"2022-05-06T13:20:29","guid":{"rendered":"https:\/\/blogs.correiobraziliense.com.br\/lianasabo\/?p=5655"},"modified":"2022-05-06T10:20:29","modified_gmt":"2022-05-06T13:20:29","slug":"festival-brasil-sabor-tera-nova-edicao-a-partir-de-12-de-maio","status":"publish","type":"post","link":"https:\/\/blogs.correiobraziliense.com.br\/lianasabo\/festival-brasil-sabor-tera-nova-edicao-a-partir-de-12-de-maio\/","title":{"rendered":"Festival Brasil Sabor ter\u00e1 nova edi\u00e7\u00e3o a partir de 12 de maio"},"content":{"rendered":"<p>No sistema h\u00edbrido presencial e delivery, que prevaleceu nos dois \u00faltimos anos, o Festival Brasil Sabor vai ser realizado entre os dias 12 a 29 em 20 estados e no Distrito Federal com a participa\u00e7\u00e3o de cerca de 900 estabelecimentos, nos quais ser\u00e1 celebrada a experi\u00eancia gastron\u00f4mica com a prepara\u00e7\u00e3o de pratos que remetam \u00e0 cozinha local.<\/p>\n<p>Com o patroc\u00ednio da Ambev, a d\u00e9cima sexta edi\u00e7\u00e3o do evento \u00e9 promovida pela Abrasel-DF, que estipulou tr\u00eas faixas de pre\u00e7o: R$ 45, R$ 65 e R$ 90. Mais de 50 restaurantes j\u00e1 confirmaram a participa\u00e7\u00e3o. Veja o site: <a href=\"http:\/\/www.brasilsabor.com.br\">www.brasilsabor.com.br<\/a><\/p>\n","protected":false},"excerpt":{"rendered":"<p>No sistema h\u00edbrido presencial e delivery, que prevaleceu nos dois \u00faltimos anos, o Festival Brasil Sabor vai ser realizado entre os dias 12 a 29 em 20 estados e no Distrito Federal com a participa\u00e7\u00e3o de cerca de 900 estabelecimentos, nos quais ser\u00e1 celebrada a experi\u00eancia gastron\u00f4mica com a prepara\u00e7\u00e3o de pratos que remetam \u00e0 cozinha local. Com o patroc\u00ednio [&hellip;]<\/p>\n","protected":false},"author":54,"featured_media":0,"comment_status":"open","ping_status":"open","sticky":false,"template":"","format":"standard","meta":{"footnotes":""},"categories":[201,426],"tags":[54,434,37],"class_list":["post-5655","post","type-post","status-publish","format-standard","hentry","category-festival","category-festival-gastronomico","tag-festival","tag-festival-mais-sabor","tag-gastronomia"],"_links":{"self":[{"href":"https:\/\/blogs.correiobraziliense.com.br\/lianasabo\/wp-json\/wp\/v2\/posts\/5655","targetHints":{"allow":["GET"]}}],"collection":[{"href":"https:\/\/blogs.correiobraziliense.com.br\/lianasabo\/wp-json\/wp\/v2\/posts"}],"about":[{"href":"https:\/\/blogs.correiobraziliense.com.br\/lianasabo\/wp-json\/wp\/v2\/types\/post"}],"author":[{"embeddable":true,"href":"https:\/\/blogs.correiobraziliense.com.br\/lianasabo\/wp-json\/wp\/v2\/users\/54"}],"replies":[{"embeddable":true,"href":"https:\/\/blogs.correiobraziliense.com.br\/lianasabo\/wp-json\/wp\/v2\/comments?post=5655"}],"version-history":[{"count":1,"href":"https:\/\/blogs.correiobraziliense.com.br\/lianasabo\/wp-json\/wp\/v2\/posts\/5655\/revisions"}],"predecessor-version":[{"id":5656,"href":"https:\/\/blogs.correiobraziliense.com.br\/lianasabo\/wp-json\/wp\/v2\/posts\/5655\/revisions\/5656"}],"wp:attachment":[{"href":"https:\/\/blogs.correiobraziliense.com.br\/lianasabo\/wp-json\/wp\/v2\/media?parent=5655"}],"wp:term":[{"taxonomy":"category","embeddable":true,"href":"https:\/\/blogs.correiobraziliense.com.br\/lianasabo\/wp-json\/wp\/v2\/categories?post=5655"},{"taxonomy":"post_tag","embeddable":true,"href":"https:\/\/blogs.correiobraziliense.com.br\/lianasabo\/wp-json\/wp\/v2\/tags?post=5655"}],"curies":[{"name":"wp","href":"https:\/\/api.w.org\/{rel}","templated":true}]}}